{"id":27643,"date":"2024-06-12T15:29:52","date_gmt":"2024-06-12T18:29:52","guid":{"rendered":"https:\/\/www.despachantedok.com.br\/blog\/?p=27643"},"modified":"2024-06-25T12:04:30","modified_gmt":"2024-06-25T15:04:30","slug":"carro-eletrico","status":"publish","type":"post","link":"https:\/\/www.despachantedok.com.br\/blog\/veiculo\/carro-eletrico\/","title":{"rendered":"Carro el\u00e9trico: tudo sobre as principais caracter\u00edsticas do ve\u00edculo"},"content":{"rendered":"\n<p>Salve, Motorista! No Brasil, os carros el\u00e9tricos come\u00e7aram a se popularizar, apesar de ainda n\u00e3o representarem o maior n\u00famero de vendas em compara\u00e7\u00e3o aos ve\u00edculos tradicionais, ou seja, movidos a combust\u00edveis, como gasolina, \u00e1lcool e g\u00e1s.<\/p>\n\n\n\n<p>As vendas dos eletrificados come\u00e7aram a ganhar mais for\u00e7a a partir de 2023, o que pode estar ligado ao aumento da oferta desses ve\u00edculos no mercado, incentivos fiscais e \u00e0 maior preocupa\u00e7\u00e3o da popula\u00e7\u00e3o com a sustentabilidade.<\/p>\n\n\n\n<p>Pensando nesse aumento que, futuramente, tende a ser ainda maior, trouxemos neste artigo as principais caracter\u00edsticas de um carro el\u00e9trico, como os modelos dispon\u00edveis no mercado, como funciona a bateria e muito mais! Confira!<\/p>\n\n\n\n<h2 class=\"wp-block-heading\" id=\"h-carro-el-trico-o-que-e-como-funciona\">Carro el\u00e9trico: o que \u00e9 e como funciona?<\/h2>\n\n\n\n<p>Em resumo, um carro eletrificado \u00e9 um tipo de ve\u00edculo impulsionado por um motor el\u00e9trico, que converte energia el\u00e9trica em mec\u00e2nica, movimentando assim as rodas.&nbsp;<\/p>\n\n\n\n<p>Essa energia el\u00e9trica, por sua vez, \u00e9 armazenada em baterias recarreg\u00e1veis, geralmente de l\u00edtio, que alimentam o motor. Seu funcionamento \u00e9 relativamente simples, baseado no princ\u00edpio do eletromagnetismo.<\/p>\n\n\n\n<p>Um componente chamado estator, fixo no corpo do motor, possui bobinas de fio de cobre por onde circula corrente el\u00e9trica, gerando um campo magn\u00e9tico rotativo, que&nbsp; induz corrente el\u00e9trica em outro componente chamado rotor.<\/p>\n\n\n\n<p>A intera\u00e7\u00e3o entre esses campos magn\u00e9ticos gera for\u00e7a rotacional, movimentando o rotor e, consequentemente, as rodas do ve\u00edculo.&nbsp;<\/p>\n\n\n\n<hr class=\"wp-block-separator\"\/>\n\n\n\n<div class=\"tempb-segundo\" style=\"text-align: center;\" id=\"tempb-2607483853\"><div id=\"tempb-4055017583\"><a href=\"https:\/\/www.despachantedok.com.br\/?utm_source=blog&#038;utm_medium=banner&#038;utm_campaign=geral\" aria-label=\"ipva 2026 em um s\u00f3 lugar\"><img src=\"https:\/\/assets.despachantedok.com.br\/blog\/wp-content\/uploads\/2025\/12\/05_720x300.jpg\" alt=\"ipva 2026 em um s\u00f3 lugar\"  srcset=\"https:\/\/assets.despachantedok.com.br\/blog\/wp-content\/uploads\/2025\/12\/05_720x300.jpg 720w, https:\/\/assets.despachantedok.com.br\/blog\/wp-content\/uploads\/2025\/12\/05_720x300-300x125.jpg 300w, https:\/\/assets.despachantedok.com.br\/blog\/wp-content\/uploads\/2025\/12\/05_720x300-150x63.jpg 150w\" sizes=\"(max-width: 720px) 100vw, 720px\" width=\"720\" height=\"300\"   \/><\/a><\/div><\/div><h2 class=\"wp-block-heading\" id=\"h-saiba-mais-sobre-ve-culos\">Saiba mais sobre ve\u00edculos<\/h2>\n\n\n\n<p>Ei, Motorista! Se voc\u00ea chegou at\u00e9 aqui, achamos que tamb\u00e9m vai precisar saber disso. Confira:<\/p>\n\n\n\n<div class=\"wp-block-advgb-list\"><ul class=\"advgblist-0a369638-32b5-4c63-a63e-3aa2676f516b advgb-list advgb-list-admin-post\"><li><a href=\"https:\/\/www.despachantedok.com.br\/blog\/veiculo\/filtro-de-combustivel\/\" target=\"_blank\" rel=\"noreferrer noopener\">Filtro de combust\u00edvel: entenda a fun\u00e7\u00e3o e quando trocar<\/a><\/li>\n<li><a href=\"https:\/\/www.despachantedok.com.br\/blog\/veiculo\/free-flow\/\" target=\"_blank\" rel=\"noreferrer noopener\">Ped\u00e1gio Free Flow: viaje sem paradas e filas<\/a><\/li>\n<li><a href=\"https:\/\/www.despachantedok.com.br\/blog\/veiculo\/oleo-da-caixa-de-marcha\/\" target=\"_blank\" rel=\"noreferrer noopener\">Guia completo do \u00f3leo da caixa de marcha<\/a><\/li>\n<\/ul><\/div>\n\n\n\n<hr class=\"wp-block-separator\"\/>\n\n\n\n<h2 class=\"wp-block-heading\" id=\"h-principais-caracter-sticas-de-um-carro-el-trico\">Principais caracter\u00edsticas de um carro el\u00e9trico<\/h2>\n\n\n\n<p>Os carros el\u00e9tricos se distinguem dos modelos tradicionais \u00e0 combust\u00e3o por diversas caracter\u00edsticas inovadoras, entre as quais podemos destacar:<\/p>\n\n\n\n<div class=\"wp-block-advgb-list\"><ul class=\"advgblist-d19e428e-c413-4fb0-af7d-98f12c1753b4 advgb-list advgb-list-marker\"><li>Propuls\u00e3o por motor el\u00e9trico;<\/li>\n<li>Armazenamento de energia em <a href=\"https:\/\/www.despachantedok.com.br\/blog\/veiculo\/bateria-para-carro\/\" target=\"_blank\" rel=\"noreferrer noopener\">baterias<\/a>;<\/li>\n<li>Sistema de frenagem regenerativa;<\/li>\n<li>N\u00e3o possuem emiss\u00e3o de gases nocivos em seu funcionamento.<\/li>\n<\/ul><\/div>\n\n\n\n<h3 class=\"wp-block-heading\" id=\"h-bateria-de-carro-el-trico\">Bateria de carro el\u00e9trico<\/h3>\n\n\n\n<p>A bateria de um carro el\u00e9trico \u00e9 o \u201ccora\u00e7\u00e3o do ve\u00edculo\u201d, armazenando a energia que o faz funcionar. Esse item \u00e9 composto por diversas c\u00e9lulas interligadas, geralmente feitas de l\u00edtio, que armazenam energia qu\u00edmica.&nbsp;<\/p>\n\n\n\n<p>Por meio de um processo qu\u00edmico chamado redox, essa energia \u00e9 convertida em eletricidade que alimenta o motor do carro quando a bateria \u00e9 descarregada.<\/p>\n\n\n\n<h4 class=\"wp-block-heading\" id=\"h-carregador-de-carro-el-trico\">Carregador de carro el\u00e9trico<\/h4>\n\n\n\n<p>No caso da mobilidade el\u00e9trica, o Carregador de Ve\u00edculo El\u00e9trico (CVE) se destaca como um componente essencial, proporcionando o fornecimento de energia para as baterias desse tipo de carro.<\/p>\n\n\n\n<p>Sua fun\u00e7\u00e3o principal \u00e9 converter a energia el\u00e9trica da rede comum em corrente compat\u00edvel com as baterias veiculares, possibilitando a recarga completa do carro e, consequentemente, sua garantindo sua para rodar por a\u00ed.<\/p>\n\n\n\n<h4 class=\"wp-block-heading\" id=\"h-quanto-tempo-demora-para-carregar-um-carro-el-trico\">Quanto tempo demora para carregar um carro el\u00e9trico?<\/h4>\n\n\n\n<p>Afinal, quanto tempo leva para recarregar um carro el\u00e9trico? A resposta depende de alguns fatores, como a capacidade da bateria e a pot\u00eancia do carregador.&nbsp;<\/p>\n\n\n\n<p>Mas, para dar uma ideia geral, analisaremos o tempo m\u00e9dio de carregamento usando o tipo de carregador mais comum entre os usu\u00e1rios de carros el\u00e9tricos: o carregador residencial.<\/p>\n\n\n\n<p>O carregador residencial, tamb\u00e9m conhecido como &#8220;wallbox&#8221;, \u00e9 a op\u00e7\u00e3o mais pr\u00e1tica e econ\u00f4mica para a maioria dos donos de carros el\u00e9tricos e <a href=\"https:\/\/www.despachantedok.com.br\/blog\/veiculo\/carro-hibrido\/\" target=\"_blank\" rel=\"noreferrer noopener\">h\u00edbridos<\/a>. O seu tempo m\u00e9dio de recarga pode ser longo e variar de 8 a 20 horas, dependendo da capacidade da bateria do ve\u00edculo.<\/p>\n\n\n\n<h2 class=\"wp-block-heading\" id=\"h-qual-a-autonomia-dos-carros-el-tricos\">Qual a autonomia dos carros el\u00e9tricos?<\/h2>\n\n\n\n<p>A autonomia m\u00e9dia de um carro el\u00e9trico varia entre 100 e 500 quil\u00f4metros com uma \u00fanica recarga. Confira alguns fatores que podem colaborar para a varia\u00e7\u00e3o:<\/p>\n\n\n\n<div class=\"wp-block-advgb-list\"><ul class=\"advgblist-b98b5a86-e8b1-4246-a8cd-48d3213291a7 advgb-list advgb-list-controls-play\"><li><strong>Tamanho da bateria<\/strong>: carros com baterias maiores tendem a ter uma autonomia superior. Por exemplo, o BMW iX xDrive50, l\u00edder em autonomia no Brasil em 2024;<\/li>\n<li><strong>Consumo de energia<\/strong>: a forma como voc\u00ea dirige e o uso de itens como ar-condicionado influenciam o gasto de energia e, consequentemente, a autonomia do carro el\u00e9trico;<\/li>\n<li><strong>Condi\u00e7\u00f5es clim\u00e1ticas<\/strong>: temperaturas extremas, sejam muito baixas ou muito altas, tamb\u00e9m podem reduzir a autonomia da bateria.<\/li>\n<\/ul><\/div>\n\n\n\n<p>Assim, \u00e9 importante ressaltar que a autonomia anunciada pelas fabricantes costuma ser baseada em um ciclo de testes padronizado. Na pr\u00e1tica, a autonomia real pode variar dependendo dos fatores citados acima.<\/p>\n\n\n\n<div class=\"wp-block-image\"><figure class=\"aligncenter size-full\"><img decoding=\"async\" width=\"578\" height=\"898\" src=\"https:\/\/assets.despachantedok.com.br\/blog\/wp-content\/uploads\/2024\/06\/infografico-qual-a-autonomia-dos-carros-eletricos-dok.jpg\" alt=\"Infogr\u00e1fico sobre qual a autonomia dos carros el\u00e9tricos | DOK\" class=\"wp-image-27645\" srcset=\"https:\/\/assets.despachantedok.com.br\/blog\/wp-content\/uploads\/2024\/06\/infografico-qual-a-autonomia-dos-carros-eletricos-dok.jpg 578w, https:\/\/assets.despachantedok.com.br\/blog\/wp-content\/uploads\/2024\/06\/infografico-qual-a-autonomia-dos-carros-eletricos-dok-193x300.jpg 193w, https:\/\/assets.despachantedok.com.br\/blog\/wp-content\/uploads\/2024\/06\/infografico-qual-a-autonomia-dos-carros-eletricos-dok-327x508.jpg 327w\" sizes=\"(max-width: 578px) 100vw, 578px\" \/><figcaption>Infogr\u00e1fico elaborado por Bruna Florentino | DOK<\/figcaption><\/figure><\/div>\n\n\n\n<h2 class=\"wp-block-heading\" id=\"h-carro-el-trico-pre-o\">Carro el\u00e9trico pre\u00e7o<\/h2>\n\n\n\n<p>Quanto custa um carro el\u00e9trico no Brasil? O pre\u00e7o de um eletrificado no Brasil varia muito conforme o modelo, marca, ano de fabrica\u00e7\u00e3o e at\u00e9 mesmo o estado em que voc\u00ea mora. Veja quais s\u00e3o as op\u00e7\u00f5es de <a href=\"https:\/\/www.despachantedok.com.br\/blog\/veiculo\/carro-eletrico-mais-barato\/\" target=\"_blank\" rel=\"noreferrer noopener\">ve\u00edculos el\u00e9tricos mais baratos do pa\u00eds<\/a>.<\/p>\n\n\n\n<p>A Funda\u00e7\u00e3o Instituto de Pesquisas Econ\u00f4micas (<a href=\"https:\/\/www.despachantedok.com.br\/ferramentas\/tabela-fipe\" target=\"_blank\" rel=\"noreferrer noopener\">Tabela FIPE<\/a>) \u00e9 uma importante refer\u00eancia para o pre\u00e7o dos carros usados \u200b\u200bno Brasil. Voc\u00ea pode consult\u00e1-la online, no site do DOK, para ter uma ideia do valor de mercado de um carro el\u00e9trico.<\/p>\n\n\n\n<h2 class=\"wp-block-heading\" id=\"h-conclus-o\">Conclus\u00e3o<\/h2>\n\n\n\n<p>Motorista, como voc\u00ea p\u00f4de notar, os carros el\u00e9tricos s\u00e3o op\u00e7\u00f5es de ve\u00edculos movidos a energia el\u00e9trica, sendo assim uma op\u00e7\u00e3o mais sustent\u00e1vel.<\/p>\n\n\n\n<p>Por\u00e9m, esses modelos ainda n\u00e3o s\u00e3o t\u00e3o representativos nas vendas do mercado brasileiro em compara\u00e7\u00e3o aos carros movidos a combust\u00edveis f\u00f3sseis, por exemplo.<\/p>\n\n\n\n<p>Gostou do conte\u00fado? Ent\u00e3o, temos certeza que adorar\u00e1 conhecer o <a href=\"https:\/\/www.despachantedok.com.br\/blog\/\" target=\"_blank\" rel=\"noreferrer noopener\">nosso blog<\/a>. Para ficar por dentro de tudo o que acontece no mundo automotivo, acompanhe-nos nas redes sociais <a href=\"https:\/\/www.instagram.com\/dokdespachante\/?__coig_restricted=1\" target=\"_blank\" rel=\"noreferrer noopener\">Instagram<\/a>, <a href=\"https:\/\/web.facebook.com\/DOKDespachante?_rdc=1&amp;_rdr\" target=\"_blank\" rel=\"noreferrer noopener\">Facebook<\/a>, <a href=\"https:\/\/www.youtube.com\/@dokoficial\" target=\"_blank\" rel=\"noreferrer noopener\">YouTube<\/a>, <a href=\"https:\/\/www.tiktok.com\/@despachantedok\" target=\"_blank\" rel=\"noreferrer noopener\">TikTok<\/a> e <a href=\"https:\/\/br.linkedin.com\/company\/despachantedok\" target=\"_blank\" rel=\"noreferrer noopener\">LinkedIn<\/a>.&nbsp;<\/p>\n\n\n\n<p>Lembre-se tamb\u00e9m que, no DOK, voc\u00ea pode quitar o <a href=\"https:\/\/www.despachantedok.com.br\/licenciamento-online\" target=\"_blank\" rel=\"noreferrer noopener\">licenciamento anual<\/a>, <a href=\"https:\/\/www.despachantedok.com.br\/multas\" target=\"_blank\" rel=\"noreferrer noopener\">multas<\/a> e <a href=\"https:\/\/www.despachantedok.com.br\/ipva\" target=\"_blank\" rel=\"noreferrer noopener\">IPVA<\/a> (exceto em caso de <a href=\"https:\/\/www.despachantedok.com.br\/ipva\/isencao-de-ipva\" target=\"_blank\" rel=\"noreferrer noopener\">isen\u00e7\u00e3o<\/a>) em at\u00e9 12 vezes no cart\u00e3o de cr\u00e9dito, o que \u00e9 fundamental para circular por a\u00ed com o ve\u00edculo em dia.<\/p>\n\n\n\n<p class=\"has-luminous-vivid-amber-color has-text-color\"><em><strong>Tags<\/strong>: carros el\u00e9tricos no brasil, a farsa dos carros el\u00e9tricos, carro el\u00e9trico como funciona, motor el\u00e9trico para carro<\/em><\/p>\n\n\n\n<hr class=\"wp-block-separator\"\/>\n\n\n\n<h2 class=\"wp-block-heading\" id=\"h-perguntas-frequentes-sobre-carro-el-trico\">Perguntas frequentes sobre carro el\u00e9trico<\/h2>\n\n\n\n<div class=\"schema-faq wp-block-yoast-faq-block\"><div class=\"schema-faq-section\" id=\"faq-question-1718206949249\"><strong class=\"schema-faq-question\">\u00c9 vantagem ter um carro el\u00e9trico?<\/strong> <p class=\"schema-faq-answer\">Sim, ter um carro el\u00e9trico \u00e9 vantajoso por diversos motivos: menor custo por km rodado, menos manuten\u00e7\u00e3o, incentivos fiscais e dire\u00e7\u00e3o silenciosa.<\/p> <\/div> <div class=\"schema-faq-section\" id=\"faq-question-1718206950450\"><strong class=\"schema-faq-question\">Qual o custo por km de um carro el\u00e9trico?<\/strong> <p class=\"schema-faq-answer\">O custo por km rodado com carro el\u00e9trico \u00e9 bem inferior ao de um carro a combust\u00e3o, em m\u00e9dia R$ 0,11\/km contra R$ 0,41\/km.<\/p> <\/div> <div class=\"schema-faq-section\" id=\"faq-question-1718206950992\"><strong class=\"schema-faq-question\">Quanto tempo dura a bateria de um carro el\u00e9trico?<\/strong> <p class=\"schema-faq-answer\">A autonomia por carga varia conforme o modelo do ve\u00edculo e tipo de uso do motorista, podendo alcan\u00e7ar de 100 a 500 km com a carga completa.<\/p> <\/div> <\/div>\n<style class=\"advgb-styles-renderer\">.wp-block-advgb-list ul.advgblist-0a369638-32b5-4c63-a63e-3aa2676f516b > li{font-size:16px;}.wp-block-advgb-list ul.advgblist-0a369638-32b5-4c63-a63e-3aa2676f516b > li{padding-left:18px;margin-left:0;}.wp-block-advgb-list ul.advgblist-0a369638-32b5-4c63-a63e-3aa2676f516b > li:before{font-size:16px;color:#cf2e2e;line-height:18px;margin:2px;padding:2px;margin-left:-20px}.wp-block-advgb-list ul.advgblist-d19e428e-c413-4fb0-af7d-98f12c1753b4 > li{font-size:16px;}.wp-block-advgb-list ul.advgblist-d19e428e-c413-4fb0-af7d-98f12c1753b4 > li{padding-left:18px;margin-left:0;}.wp-block-advgb-list ul.advgblist-d19e428e-c413-4fb0-af7d-98f12c1753b4 > li:before{font-size:16px;color:#cf2e2e;line-height:18px;margin:2px;padding:2px;margin-left:-20px}.wp-block-advgb-list ul.advgblist-b98b5a86-e8b1-4246-a8cd-48d3213291a7 > li{font-size:16px;}.wp-block-advgb-list ul.advgblist-b98b5a86-e8b1-4246-a8cd-48d3213291a7 > li{padding-left:18px;margin-left:0;}.wp-block-advgb-list ul.advgblist-b98b5a86-e8b1-4246-a8cd-48d3213291a7 > li:before{font-size:16px;color:#cf2e2e;line-height:18px;margin:2px;padding:2px;margin-left:-20px}<\/style>","protected":false},"excerpt":{"rendered":"<p>Salve, Motorista! No Brasil, os carros el\u00e9tricos come\u00e7aram a se popularizar, apesar de ainda n\u00e3o representarem o maior n\u00famero de vendas em compara\u00e7\u00e3o aos ve\u00edculos tradicionais, ou seja, movidos a combust\u00edveis, como gasolina, \u00e1lcool e g\u00e1s. As vendas dos eletrificados come\u00e7aram a ganhar mais for\u00e7a a partir de 2023, o que pode estar ligado ao [&hellip;]<\/p>\n","protected":false},"author":40,"featured_media":27644,"comment_status":"open","ping_status":"open","sticky":false,"template":"","format":"standard","meta":{"advgb_blocks_editor_width":"","advgb_blocks_columns_visual_guide":"","_glsr_average":5,"_glsr_ranking":3.8461538461538,"_glsr_reviews":3,"lazy_load_responsive_images_disabled":false,"footnotes":""},"categories":[131],"tags":[],"class_list":["post-27643","post","type-post","status-publish","format-standard","has-post-thumbnail","hentry","category-veiculo"],"yoast_head":"<!-- This site is optimized with the Yoast SEO Premium plugin v26.0 (Yoast SEO v27.2) - https:\/\/yoast.com\/product\/yoast-seo-premium-wordpress\/ -->\n<title>Carro el\u00e9trico: tudo sobre as caracter\u00edsticas do ve\u00edculo | DOK<\/title>\n<meta name=\"description\" content=\"Salve, Motorista! Quer conhecer mais sobre carro el\u00e9trico? Confira este artigo completo e tire todas as suas d\u00favidas sobre esse ve\u00edculo!\" \/>\n<meta name=\"robots\" content=\"index, follow, max-snippet:-1, max-image-preview:large, max-video-preview:-1\" \/>\n<link rel=\"canonical\" href=\"https:\/\/www.despachantedok.com.br\/blog\/veiculo\/carro-eletrico\/\" \/>\n<meta property=\"og:locale\" content=\"pt_BR\" \/>\n<meta property=\"og:type\" content=\"article\" \/>\n<meta property=\"og:title\" content=\"Carro el\u00e9trico: tudo sobre as principais caracter\u00edsticas do ve\u00edculo\" \/>\n<meta property=\"og:description\" content=\"Salve, Motorista! Quer conhecer mais sobre carro el\u00e9trico? Confira este artigo completo e tire todas as suas d\u00favidas sobre esse ve\u00edculo!\" \/>\n<meta property=\"og:url\" content=\"https:\/\/www.despachantedok.com.br\/blog\/veiculo\/carro-eletrico\/\" \/>\n<meta property=\"og:site_name\" content=\"Acesse o Blog e conhe\u00e7a todos os nossos artigos | DOK Despachante\" \/>\n<meta property=\"article:publisher\" content=\"https:\/\/facebook.com\/DOKDespachante\/\" \/>\n<meta property=\"article:published_time\" content=\"2024-06-12T18:29:52+00:00\" \/>\n<meta property=\"article:modified_time\" content=\"2024-06-25T15:04:30+00:00\" \/>\n<meta property=\"og:image\" content=\"https:\/\/assets.despachantedok.com.br\/blog\/wp-content\/uploads\/2024\/06\/capa-carro-eletrico-tudo-sobre-as-caracteristicas-do-veiculo-dok.jpg\" \/>\n\t<meta property=\"og:image:width\" content=\"555\" \/>\n\t<meta property=\"og:image:height\" content=\"254\" \/>\n\t<meta property=\"og:image:type\" content=\"image\/jpeg\" \/>\n<meta name=\"author\" content=\"Matheus Packs\" \/>\n<meta name=\"twitter:card\" content=\"summary_large_image\" \/>\n<meta name=\"twitter:label1\" content=\"Escrito por\" \/>\n\t<meta name=\"twitter:data1\" content=\"Matheus Packs\" \/>\n\t<meta name=\"twitter:label2\" content=\"Est. tempo de leitura\" \/>\n\t<meta name=\"twitter:data2\" content=\"5 minutos\" \/>\n<script type=\"application\/ld+json\" class=\"yoast-schema-graph\">{\"@context\":\"https:\/\/schema.org\",\"@graph\":[{\"@type\":\"Article\",\"@id\":\"https:\/\/www.despachantedok.com.br\/blog\/veiculo\/carro-eletrico\/#article\",\"isPartOf\":{\"@id\":\"https:\/\/www.despachantedok.com.br\/blog\/veiculo\/carro-eletrico\/\"},\"author\":{\"name\":\"Matheus Packs\",\"@id\":\"https:\/\/www.despachantedok.com.br\/blog\/#\/schema\/person\/2d72f275cc5c082a7a83df99581e4605\"},\"headline\":\"Carro el\u00e9trico: tudo sobre as principais caracter\u00edsticas do ve\u00edculo\",\"datePublished\":\"2024-06-12T18:29:52+00:00\",\"dateModified\":\"2024-06-25T15:04:30+00:00\",\"mainEntityOfPage\":{\"@id\":\"https:\/\/www.despachantedok.com.br\/blog\/veiculo\/carro-eletrico\/\"},\"wordCount\":1147,\"commentCount\":0,\"publisher\":{\"@id\":\"https:\/\/www.despachantedok.com.br\/blog\/#organization\"},\"image\":{\"@id\":\"https:\/\/www.despachantedok.com.br\/blog\/veiculo\/carro-eletrico\/#primaryimage\"},\"thumbnailUrl\":\"https:\/\/assets.despachantedok.com.br\/blog\/wp-content\/uploads\/2024\/06\/capa-carro-eletrico-tudo-sobre-as-caracteristicas-do-veiculo-dok.jpg\",\"articleSection\":[\"Ve\u00edculos\"],\"inLanguage\":\"pt-BR\",\"potentialAction\":[{\"@type\":\"CommentAction\",\"name\":\"Comment\",\"target\":[\"https:\/\/www.despachantedok.com.br\/blog\/veiculo\/carro-eletrico\/#respond\"]}]},{\"@type\":[\"WebPage\",\"FAQPage\"],\"@id\":\"https:\/\/www.despachantedok.com.br\/blog\/veiculo\/carro-eletrico\/\",\"url\":\"https:\/\/www.despachantedok.com.br\/blog\/veiculo\/carro-eletrico\/\",\"name\":\"Carro el\u00e9trico: tudo sobre as caracter\u00edsticas do ve\u00edculo | DOK\",\"isPartOf\":{\"@id\":\"https:\/\/www.despachantedok.com.br\/blog\/#website\"},\"primaryImageOfPage\":{\"@id\":\"https:\/\/www.despachantedok.com.br\/blog\/veiculo\/carro-eletrico\/#primaryimage\"},\"image\":{\"@id\":\"https:\/\/www.despachantedok.com.br\/blog\/veiculo\/carro-eletrico\/#primaryimage\"},\"thumbnailUrl\":\"https:\/\/assets.despachantedok.com.br\/blog\/wp-content\/uploads\/2024\/06\/capa-carro-eletrico-tudo-sobre-as-caracteristicas-do-veiculo-dok.jpg\",\"datePublished\":\"2024-06-12T18:29:52+00:00\",\"dateModified\":\"2024-06-25T15:04:30+00:00\",\"description\":\"Salve, Motorista! Quer conhecer mais sobre carro el\u00e9trico? Confira este artigo completo e tire todas as suas d\u00favidas sobre esse ve\u00edculo!\",\"breadcrumb\":{\"@id\":\"https:\/\/www.despachantedok.com.br\/blog\/veiculo\/carro-eletrico\/#breadcrumb\"},\"mainEntity\":[{\"@id\":\"https:\/\/www.despachantedok.com.br\/blog\/veiculo\/carro-eletrico\/#faq-question-1718206949249\"},{\"@id\":\"https:\/\/www.despachantedok.com.br\/blog\/veiculo\/carro-eletrico\/#faq-question-1718206950450\"},{\"@id\":\"https:\/\/www.despachantedok.com.br\/blog\/veiculo\/carro-eletrico\/#faq-question-1718206950992\"}],\"inLanguage\":\"pt-BR\",\"potentialAction\":[{\"@type\":\"ReadAction\",\"target\":[\"https:\/\/www.despachantedok.com.br\/blog\/veiculo\/carro-eletrico\/\"]}]},{\"@type\":\"ImageObject\",\"inLanguage\":\"pt-BR\",\"@id\":\"https:\/\/www.despachantedok.com.br\/blog\/veiculo\/carro-eletrico\/#primaryimage\",\"url\":\"https:\/\/assets.despachantedok.com.br\/blog\/wp-content\/uploads\/2024\/06\/capa-carro-eletrico-tudo-sobre-as-caracteristicas-do-veiculo-dok.jpg\",\"contentUrl\":\"https:\/\/assets.despachantedok.com.br\/blog\/wp-content\/uploads\/2024\/06\/capa-carro-eletrico-tudo-sobre-as-caracteristicas-do-veiculo-dok.jpg\",\"width\":555,\"height\":254,\"caption\":\"Capa Artigo Carro el\u00e9trico tudo sobre as caracter\u00edsticas do ve\u00edculo | DOK\"},{\"@type\":\"BreadcrumbList\",\"@id\":\"https:\/\/www.despachantedok.com.br\/blog\/veiculo\/carro-eletrico\/#breadcrumb\",\"itemListElement\":[{\"@type\":\"ListItem\",\"position\":1,\"name\":\"Blog\",\"item\":\"https:\/\/www.despachantedok.com.br\/blog\/\"},{\"@type\":\"ListItem\",\"position\":2,\"name\":\"Ve\u00edculos\",\"item\":\"https:\/\/www.despachantedok.com.br\/blog\/categoria\/veiculo\/\"},{\"@type\":\"ListItem\",\"position\":3,\"name\":\"Carro el\u00e9trico: tudo sobre as principais caracter\u00edsticas do ve\u00edculo\"}]},{\"@type\":\"WebSite\",\"@id\":\"https:\/\/www.despachantedok.com.br\/blog\/#website\",\"url\":\"https:\/\/www.despachantedok.com.br\/blog\/\",\"name\":\"Acesse o Blog e conhe\u00e7a todos os nossos artigos | DOK Despachante\",\"description\":\"Fique por dentro de artigos sobre o tr\u00e2nsito brasileiro! Conhe\u00e7a informa\u00e7\u00f5es sobre licenciamento, ipva, multas e muito mais. Acesse agora o Blog do DOK!\",\"publisher\":{\"@id\":\"https:\/\/www.despachantedok.com.br\/blog\/#organization\"},\"alternateName\":\"Blog do DOK\",\"potentialAction\":[{\"@type\":\"SearchAction\",\"target\":{\"@type\":\"EntryPoint\",\"urlTemplate\":\"https:\/\/www.despachantedok.com.br\/blog\/?s={search_term_string}\"},\"query-input\":{\"@type\":\"PropertyValueSpecification\",\"valueRequired\":true,\"valueName\":\"search_term_string\"}}],\"inLanguage\":\"pt-BR\"},{\"@type\":\"Organization\",\"@id\":\"https:\/\/www.despachantedok.com.br\/blog\/#organization\",\"name\":\"DOK Despachante\",\"alternateName\":\"DOK\",\"url\":\"https:\/\/www.despachantedok.com.br\/blog\/\",\"logo\":{\"@type\":\"ImageObject\",\"inLanguage\":\"pt-BR\",\"@id\":\"https:\/\/www.despachantedok.com.br\/blog\/#\/schema\/logo\/image\/\",\"url\":\"https:\/\/assets.despachantedok.com.br\/blog\/wp-content\/uploads\/2024\/01\/logo-dok_novo_blog.svg\",\"contentUrl\":\"https:\/\/assets.despachantedok.com.br\/blog\/wp-content\/uploads\/2024\/01\/logo-dok_novo_blog.svg\",\"width\":284,\"height\":131,\"caption\":\"DOK Despachante\"},\"image\":{\"@id\":\"https:\/\/www.despachantedok.com.br\/blog\/#\/schema\/logo\/image\/\"},\"sameAs\":[\"https:\/\/facebook.com\/DOKDespachante\/\"],\"address\":{\"@type\":\"PostalAddress\",\"streetAddress\":\"Pra\u00e7a Frank Speers, 12\",\"addressLocality\":\"Sorocaba\",\"addressRegion\":\"SP\",\"postalCode\":\"18095-020\",\"addressCountry\":\"BR\"},\"email\":\"fale@despachantedok.com.br\",\"telephone\":\"551530422030\",\"legalName\":\"DOK Servi\u00e7os de Pagamentos Ltda.\",\"vatID\":\"27.838.743\/0001-91\"},{\"@type\":\"Person\",\"@id\":\"https:\/\/www.despachantedok.com.br\/blog\/#\/schema\/person\/2d72f275cc5c082a7a83df99581e4605\",\"name\":\"Matheus Packs\",\"description\":\"Formado em Engenharia Civil, Matheus Packs \u00e9 um dos idealizadores e protagonistas na cria\u00e7\u00e3o de um novo modelo de neg\u00f3cio dentro do DOK, onde alavancou os resultados e transformou a empresa em uma pioneira no mercado de despachante online. Focado em estrat\u00e9gias de venda, Matheus \u00e9 apaixonado por inova\u00e7\u00e3o e desburocratiza\u00e7\u00e3o. Por meio do DOK, busca gerar valor aos consumidores, proporcionando simplicidade, facilidade e transpar\u00eancia ao regularizar d\u00e9bitos veiculares, como IPVA, Licenciamento e multas.\",\"url\":\"https:\/\/www.despachantedok.com.br\/blog\/author\/matheus-packs\/\"},{\"@type\":\"Question\",\"@id\":\"https:\/\/www.despachantedok.com.br\/blog\/veiculo\/carro-eletrico\/#faq-question-1718206949249\",\"position\":1,\"url\":\"https:\/\/www.despachantedok.com.br\/blog\/veiculo\/carro-eletrico\/#faq-question-1718206949249\",\"name\":\"\u00c9 vantagem ter um carro el\u00e9trico?\",\"answerCount\":1,\"acceptedAnswer\":{\"@type\":\"Answer\",\"text\":\"Sim, ter um carro el\u00e9trico \u00e9 vantajoso por diversos motivos: menor custo por km rodado, menos manuten\u00e7\u00e3o, incentivos fiscais e dire\u00e7\u00e3o silenciosa.\",\"inLanguage\":\"pt-BR\"},\"inLanguage\":\"pt-BR\"},{\"@type\":\"Question\",\"@id\":\"https:\/\/www.despachantedok.com.br\/blog\/veiculo\/carro-eletrico\/#faq-question-1718206950450\",\"position\":2,\"url\":\"https:\/\/www.despachantedok.com.br\/blog\/veiculo\/carro-eletrico\/#faq-question-1718206950450\",\"name\":\"Qual o custo por km de um carro el\u00e9trico?\",\"answerCount\":1,\"acceptedAnswer\":{\"@type\":\"Answer\",\"text\":\"O custo por km rodado com carro el\u00e9trico \u00e9 bem inferior ao de um carro a combust\u00e3o, em m\u00e9dia R$ 0,11\/km contra R$ 0,41\/km.\",\"inLanguage\":\"pt-BR\"},\"inLanguage\":\"pt-BR\"},{\"@type\":\"Question\",\"@id\":\"https:\/\/www.despachantedok.com.br\/blog\/veiculo\/carro-eletrico\/#faq-question-1718206950992\",\"position\":3,\"url\":\"https:\/\/www.despachantedok.com.br\/blog\/veiculo\/carro-eletrico\/#faq-question-1718206950992\",\"name\":\"Quanto tempo dura a bateria de um carro el\u00e9trico?\",\"answerCount\":1,\"acceptedAnswer\":{\"@type\":\"Answer\",\"text\":\"A autonomia por carga varia conforme o modelo do ve\u00edculo e tipo de uso do motorista, podendo alcan\u00e7ar de 100 a 500 km com a carga completa.\",\"inLanguage\":\"pt-BR\"},\"inLanguage\":\"pt-BR\"}]}<\/script>\n<!-- \/ Yoast SEO Premium plugin. -->","yoast_head_json":{"title":"Carro el\u00e9trico: tudo sobre as caracter\u00edsticas do ve\u00edculo | DOK","description":"Salve, Motorista! Quer conhecer mais sobre carro el\u00e9trico? Confira este artigo completo e tire todas as suas d\u00favidas sobre esse ve\u00edculo!","robots":{"index":"index","follow":"follow","max-snippet":"max-snippet:-1","max-image-preview":"max-image-preview:large","max-video-preview":"max-video-preview:-1"},"canonical":"https:\/\/www.despachantedok.com.br\/blog\/veiculo\/carro-eletrico\/","og_locale":"pt_BR","og_type":"article","og_title":"Carro el\u00e9trico: tudo sobre as principais caracter\u00edsticas do ve\u00edculo","og_description":"Salve, Motorista! Quer conhecer mais sobre carro el\u00e9trico? Confira este artigo completo e tire todas as suas d\u00favidas sobre esse ve\u00edculo!","og_url":"https:\/\/www.despachantedok.com.br\/blog\/veiculo\/carro-eletrico\/","og_site_name":"Acesse o Blog e conhe\u00e7a todos os nossos artigos | DOK Despachante","article_publisher":"https:\/\/facebook.com\/DOKDespachante\/","article_published_time":"2024-06-12T18:29:52+00:00","article_modified_time":"2024-06-25T15:04:30+00:00","og_image":[{"width":555,"height":254,"url":"https:\/\/assets.despachantedok.com.br\/blog\/wp-content\/uploads\/2024\/06\/capa-carro-eletrico-tudo-sobre-as-caracteristicas-do-veiculo-dok.jpg","type":"image\/jpeg"}],"author":"Matheus Packs","twitter_card":"summary_large_image","twitter_misc":{"Escrito por":"Matheus Packs","Est. tempo de leitura":"5 minutos"},"schema":{"@context":"https:\/\/schema.org","@graph":[{"@type":"Article","@id":"https:\/\/www.despachantedok.com.br\/blog\/veiculo\/carro-eletrico\/#article","isPartOf":{"@id":"https:\/\/www.despachantedok.com.br\/blog\/veiculo\/carro-eletrico\/"},"author":{"name":"Matheus Packs","@id":"https:\/\/www.despachantedok.com.br\/blog\/#\/schema\/person\/2d72f275cc5c082a7a83df99581e4605"},"headline":"Carro el\u00e9trico: tudo sobre as principais caracter\u00edsticas do ve\u00edculo","datePublished":"2024-06-12T18:29:52+00:00","dateModified":"2024-06-25T15:04:30+00:00","mainEntityOfPage":{"@id":"https:\/\/www.despachantedok.com.br\/blog\/veiculo\/carro-eletrico\/"},"wordCount":1147,"commentCount":0,"publisher":{"@id":"https:\/\/www.despachantedok.com.br\/blog\/#organization"},"image":{"@id":"https:\/\/www.despachantedok.com.br\/blog\/veiculo\/carro-eletrico\/#primaryimage"},"thumbnailUrl":"https:\/\/assets.despachantedok.com.br\/blog\/wp-content\/uploads\/2024\/06\/capa-carro-eletrico-tudo-sobre-as-caracteristicas-do-veiculo-dok.jpg","articleSection":["Ve\u00edculos"],"inLanguage":"pt-BR","potentialAction":[{"@type":"CommentAction","name":"Comment","target":["https:\/\/www.despachantedok.com.br\/blog\/veiculo\/carro-eletrico\/#respond"]}]},{"@type":["WebPage","FAQPage"],"@id":"https:\/\/www.despachantedok.com.br\/blog\/veiculo\/carro-eletrico\/","url":"https:\/\/www.despachantedok.com.br\/blog\/veiculo\/carro-eletrico\/","name":"Carro el\u00e9trico: tudo sobre as caracter\u00edsticas do ve\u00edculo | DOK","isPartOf":{"@id":"https:\/\/www.despachantedok.com.br\/blog\/#website"},"primaryImageOfPage":{"@id":"https:\/\/www.despachantedok.com.br\/blog\/veiculo\/carro-eletrico\/#primaryimage"},"image":{"@id":"https:\/\/www.despachantedok.com.br\/blog\/veiculo\/carro-eletrico\/#primaryimage"},"thumbnailUrl":"https:\/\/assets.despachantedok.com.br\/blog\/wp-content\/uploads\/2024\/06\/capa-carro-eletrico-tudo-sobre-as-caracteristicas-do-veiculo-dok.jpg","datePublished":"2024-06-12T18:29:52+00:00","dateModified":"2024-06-25T15:04:30+00:00","description":"Salve, Motorista! Quer conhecer mais sobre carro el\u00e9trico? Confira este artigo completo e tire todas as suas d\u00favidas sobre esse ve\u00edculo!","breadcrumb":{"@id":"https:\/\/www.despachantedok.com.br\/blog\/veiculo\/carro-eletrico\/#breadcrumb"},"mainEntity":[{"@id":"https:\/\/www.despachantedok.com.br\/blog\/veiculo\/carro-eletrico\/#faq-question-1718206949249"},{"@id":"https:\/\/www.despachantedok.com.br\/blog\/veiculo\/carro-eletrico\/#faq-question-1718206950450"},{"@id":"https:\/\/www.despachantedok.com.br\/blog\/veiculo\/carro-eletrico\/#faq-question-1718206950992"}],"inLanguage":"pt-BR","potentialAction":[{"@type":"ReadAction","target":["https:\/\/www.despachantedok.com.br\/blog\/veiculo\/carro-eletrico\/"]}]},{"@type":"ImageObject","inLanguage":"pt-BR","@id":"https:\/\/www.despachantedok.com.br\/blog\/veiculo\/carro-eletrico\/#primaryimage","url":"https:\/\/assets.despachantedok.com.br\/blog\/wp-content\/uploads\/2024\/06\/capa-carro-eletrico-tudo-sobre-as-caracteristicas-do-veiculo-dok.jpg","contentUrl":"https:\/\/assets.despachantedok.com.br\/blog\/wp-content\/uploads\/2024\/06\/capa-carro-eletrico-tudo-sobre-as-caracteristicas-do-veiculo-dok.jpg","width":555,"height":254,"caption":"Capa Artigo Carro el\u00e9trico tudo sobre as caracter\u00edsticas do ve\u00edculo | DOK"},{"@type":"BreadcrumbList","@id":"https:\/\/www.despachantedok.com.br\/blog\/veiculo\/carro-eletrico\/#breadcrumb","itemListElement":[{"@type":"ListItem","position":1,"name":"Blog","item":"https:\/\/www.despachantedok.com.br\/blog\/"},{"@type":"ListItem","position":2,"name":"Ve\u00edculos","item":"https:\/\/www.despachantedok.com.br\/blog\/categoria\/veiculo\/"},{"@type":"ListItem","position":3,"name":"Carro el\u00e9trico: tudo sobre as principais caracter\u00edsticas do ve\u00edculo"}]},{"@type":"WebSite","@id":"https:\/\/www.despachantedok.com.br\/blog\/#website","url":"https:\/\/www.despachantedok.com.br\/blog\/","name":"Acesse o Blog e conhe\u00e7a todos os nossos artigos | DOK Despachante","description":"Fique por dentro de artigos sobre o tr\u00e2nsito brasileiro! Conhe\u00e7a informa\u00e7\u00f5es sobre licenciamento, ipva, multas e muito mais. Acesse agora o Blog do DOK!","publisher":{"@id":"https:\/\/www.despachantedok.com.br\/blog\/#organization"},"alternateName":"Blog do DOK","potentialAction":[{"@type":"SearchAction","target":{"@type":"EntryPoint","urlTemplate":"https:\/\/www.despachantedok.com.br\/blog\/?s={search_term_string}"},"query-input":{"@type":"PropertyValueSpecification","valueRequired":true,"valueName":"search_term_string"}}],"inLanguage":"pt-BR"},{"@type":"Organization","@id":"https:\/\/www.despachantedok.com.br\/blog\/#organization","name":"DOK Despachante","alternateName":"DOK","url":"https:\/\/www.despachantedok.com.br\/blog\/","logo":{"@type":"ImageObject","inLanguage":"pt-BR","@id":"https:\/\/www.despachantedok.com.br\/blog\/#\/schema\/logo\/image\/","url":"https:\/\/assets.despachantedok.com.br\/blog\/wp-content\/uploads\/2024\/01\/logo-dok_novo_blog.svg","contentUrl":"https:\/\/assets.despachantedok.com.br\/blog\/wp-content\/uploads\/2024\/01\/logo-dok_novo_blog.svg","width":284,"height":131,"caption":"DOK Despachante"},"image":{"@id":"https:\/\/www.despachantedok.com.br\/blog\/#\/schema\/logo\/image\/"},"sameAs":["https:\/\/facebook.com\/DOKDespachante\/"],"address":{"@type":"PostalAddress","streetAddress":"Pra\u00e7a Frank Speers, 12","addressLocality":"Sorocaba","addressRegion":"SP","postalCode":"18095-020","addressCountry":"BR"},"email":"fale@despachantedok.com.br","telephone":"551530422030","legalName":"DOK Servi\u00e7os de Pagamentos Ltda.","vatID":"27.838.743\/0001-91"},{"@type":"Person","@id":"https:\/\/www.despachantedok.com.br\/blog\/#\/schema\/person\/2d72f275cc5c082a7a83df99581e4605","name":"Matheus Packs","description":"Formado em Engenharia Civil, Matheus Packs \u00e9 um dos idealizadores e protagonistas na cria\u00e7\u00e3o de um novo modelo de neg\u00f3cio dentro do DOK, onde alavancou os resultados e transformou a empresa em uma pioneira no mercado de despachante online. Focado em estrat\u00e9gias de venda, Matheus \u00e9 apaixonado por inova\u00e7\u00e3o e desburocratiza\u00e7\u00e3o. Por meio do DOK, busca gerar valor aos consumidores, proporcionando simplicidade, facilidade e transpar\u00eancia ao regularizar d\u00e9bitos veiculares, como IPVA, Licenciamento e multas.","url":"https:\/\/www.despachantedok.com.br\/blog\/author\/matheus-packs\/"},{"@type":"Question","@id":"https:\/\/www.despachantedok.com.br\/blog\/veiculo\/carro-eletrico\/#faq-question-1718206949249","position":1,"url":"https:\/\/www.despachantedok.com.br\/blog\/veiculo\/carro-eletrico\/#faq-question-1718206949249","name":"\u00c9 vantagem ter um carro el\u00e9trico?","answerCount":1,"acceptedAnswer":{"@type":"Answer","text":"Sim, ter um carro el\u00e9trico \u00e9 vantajoso por diversos motivos: menor custo por km rodado, menos manuten\u00e7\u00e3o, incentivos fiscais e dire\u00e7\u00e3o silenciosa.","inLanguage":"pt-BR"},"inLanguage":"pt-BR"},{"@type":"Question","@id":"https:\/\/www.despachantedok.com.br\/blog\/veiculo\/carro-eletrico\/#faq-question-1718206950450","position":2,"url":"https:\/\/www.despachantedok.com.br\/blog\/veiculo\/carro-eletrico\/#faq-question-1718206950450","name":"Qual o custo por km de um carro el\u00e9trico?","answerCount":1,"acceptedAnswer":{"@type":"Answer","text":"O custo por km rodado com carro el\u00e9trico \u00e9 bem inferior ao de um carro a combust\u00e3o, em m\u00e9dia R$ 0,11\/km contra R$ 0,41\/km.","inLanguage":"pt-BR"},"inLanguage":"pt-BR"},{"@type":"Question","@id":"https:\/\/www.despachantedok.com.br\/blog\/veiculo\/carro-eletrico\/#faq-question-1718206950992","position":3,"url":"https:\/\/www.despachantedok.com.br\/blog\/veiculo\/carro-eletrico\/#faq-question-1718206950992","name":"Quanto tempo dura a bateria de um carro el\u00e9trico?","answerCount":1,"acceptedAnswer":{"@type":"Answer","text":"A autonomia por carga varia conforme o modelo do ve\u00edculo e tipo de uso do motorista, podendo alcan\u00e7ar de 100 a 500 km com a carga completa.","inLanguage":"pt-BR"},"inLanguage":"pt-BR"}]}},"author_meta":{"display_name":"Matheus Packs","author_link":"https:\/\/www.despachantedok.com.br\/blog\/author\/matheus-packs\/"},"featured_img":"https:\/\/assets.despachantedok.com.br\/blog\/wp-content\/uploads\/2024\/06\/capa-carro-eletrico-tudo-sobre-as-caracteristicas-do-veiculo-dok-300x137.jpg","coauthors":[],"tax_additional":{"categories":{"linked":["<a href=\"https:\/\/www.despachantedok.com.br\/blog\/categoria\/veiculo\/\" class=\"advgb-post-tax-term\">Ve\u00edculos<\/a>"],"unlinked":["<span class=\"advgb-post-tax-term\">Ve\u00edculos<\/span>"]}},"comment_count":"0","relative_dates":{"created":"Publicado 2 anos atr\u00e1s","modified":"Atualizado 2 anos atr\u00e1s"},"absolute_dates":{"created":"Publicado em junho 12, 2024","modified":"Atualizado em junho 25, 2024"},"absolute_dates_time":{"created":"Publicado em junho 12, 2024 3:29 pm","modified":"Atualizado em junho 25, 2024 12:04 pm"},"featured_img_caption":"","series_order":"","_links":{"self":[{"href":"https:\/\/www.despachantedok.com.br\/blog\/wp-json\/wp\/v2\/posts\/27643","targetHints":{"allow":["GET"]}}],"collection":[{"href":"https:\/\/www.despachantedok.com.br\/blog\/wp-json\/wp\/v2\/posts"}],"about":[{"href":"https:\/\/www.despachantedok.com.br\/blog\/wp-json\/wp\/v2\/types\/post"}],"author":[{"embeddable":true,"href":"https:\/\/www.despachantedok.com.br\/blog\/wp-json\/wp\/v2\/users\/40"}],"replies":[{"embeddable":true,"href":"https:\/\/www.despachantedok.com.br\/blog\/wp-json\/wp\/v2\/comments?post=27643"}],"version-history":[{"count":3,"href":"https:\/\/www.despachantedok.com.br\/blog\/wp-json\/wp\/v2\/posts\/27643\/revisions"}],"predecessor-version":[{"id":27946,"href":"https:\/\/www.despachantedok.com.br\/blog\/wp-json\/wp\/v2\/posts\/27643\/revisions\/27946"}],"wp:featuredmedia":[{"embeddable":true,"href":"https:\/\/www.despachantedok.com.br\/blog\/wp-json\/wp\/v2\/media\/27644"}],"wp:attachment":[{"href":"https:\/\/www.despachantedok.com.br\/blog\/wp-json\/wp\/v2\/media?parent=27643"}],"wp:term":[{"taxonomy":"category","embeddable":true,"href":"https:\/\/www.despachantedok.com.br\/blog\/wp-json\/wp\/v2\/categories?post=27643"},{"taxonomy":"post_tag","embeddable":true,"href":"https:\/\/www.despachantedok.com.br\/blog\/wp-json\/wp\/v2\/tags?post=27643"}],"curies":[{"name":"wp","href":"https:\/\/api.w.org\/{rel}","templated":true}]}}