{"id":22169,"date":"2023-12-08T15:09:19","date_gmt":"2023-12-08T18:09:19","guid":{"rendered":"https:\/\/www.despachantedok.com.br\/blog\/?p=22169"},"modified":"2024-03-22T13:26:53","modified_gmt":"2024-03-22T16:26:53","slug":"bagageiro-de-teto","status":"publish","type":"post","link":"https:\/\/www.despachantedok.com.br\/blog\/veiculo\/bagageiro-de-teto\/","title":{"rendered":"Bagageiro de teto: como funciona e como colocar?"},"content":{"rendered":"\n<p>Salve, Motorista! Voc\u00ea j\u00e1 considerou usar um bagageiro de teto?<\/p>\n\n\n\n<figure class=\"wp-block-embed is-type-video is-provider-youtube wp-block-embed-youtube wp-embed-aspect-16-9 wp-has-aspect-ratio\"><div class=\"wp-block-embed__wrapper\">\n<iframe title=\"DOK Despachante \u00e9 confi\u00e1vel?\" width=\"1147\" height=\"645\" src=\"https:\/\/www.youtube.com\/embed\/ZIKEOAJtq1w?feature=oembed\" frameborder=\"0\" allow=\"accelerometer; autoplay; clipboard-write; encrypted-media; gyroscope; picture-in-picture; web-share\" referrerpolicy=\"strict-origin-when-cross-origin\" allowfullscreen><\/iframe>\n<\/div><\/figure>\n\n\n\n<p>Queridinho entre os viajantes e considerado uma excelente solu\u00e7\u00e3o de log\u00edstica, o bagageiro de teto conquistou o p\u00fablico por seu tamanho compacto, resist\u00eancia e, principalmente, versatilidade para transportar cargas que n\u00e3o caberiam no interior de um carro.<\/p>\n\n\n\n<p>Mas, para muitas pessoas, esse assunto ainda \u00e9 um grande mist\u00e9rio. Afinal, o uso do bagageiro de teto \u00e9 autorizado pelos \u00f3rg\u00e3os de fiscaliza\u00e7\u00e3o de tr\u00e2nsito? Como funciona e como \u00e9 feita a instala\u00e7\u00e3o? Todas essas e muitas outras d\u00favidas ser\u00e3o respondidas neste artigo.<\/p>\n\n\n\n<p>Aproveite a leitura e lembre-se de anotar os pontos mais importantes e favoritar essa mat\u00e9ria para consult\u00e1-la sempre que necess\u00e1rio. Boa leitura!<\/p>\n\n\n\n<h2 class=\"wp-block-heading\" id=\"h-o-que-bagageiro-de-teto\">O que \u00e9 bagageiro de teto?<\/h2>\n\n\n\n<p>O bagageiro de teto para carro, tamb\u00e9m conhecido como rack de teto ou suporte de carga para ve\u00edculos, \u00e9 um acess\u00f3rio posicionado na parte superior do ve\u00edculo para aumentar o espa\u00e7o de armazenamento dispon\u00edvel.&nbsp;<\/p>\n\n\n\n<p>Com esse item, voc\u00ea pode transportar objetos que n\u00e3o caberiam na parte interna do carro, como bicicletas, bagagens grandes, equipamentos esportivos, caixas de carga e outros itens relevantes para a sua viagem.<\/p>\n\n\n\n<p>Os modelos mais comuns s\u00e3o feitos por barras transversais desenvolvidas para manter a carga fixa e segura em <a href=\"https:\/\/www.despachantedok.com.br\/blog\/dicas\/carros-economicos\/\" target=\"_blank\" rel=\"noreferrer noopener\">carros econ\u00f4micos<\/a> ou de luxo. Al\u00e9m disso, voc\u00ea tamb\u00e9m pode incluir acess\u00f3rios como suportes para bicicletas ou pranchas de surf, para aumentar ainda mais o potencial do bagageiro de teto.<\/p>\n\n\n\n<hr class=\"wp-block-separator\"\/>\n\n\n\n<div class=\"tempb-segundo\" style=\"text-align: center;\" id=\"tempb-1094701418\"><div id=\"tempb-3981943243\"><a href=\"https:\/\/www.despachantedok.com.br\/?utm_source=blog&#038;utm_medium=banner&#038;utm_campaign=geral\" aria-label=\"valor do ipva 2026 dispon\u00edvel\"><img src=\"https:\/\/assets.despachantedok.com.br\/blog\/wp-content\/uploads\/2025\/12\/01_720x300.jpg\" alt=\"valor do ipva 2026 dispon\u00edvel\"  srcset=\"https:\/\/assets.despachantedok.com.br\/blog\/wp-content\/uploads\/2025\/12\/01_720x300.jpg 720w, https:\/\/assets.despachantedok.com.br\/blog\/wp-content\/uploads\/2025\/12\/01_720x300-300x125.jpg 300w, https:\/\/assets.despachantedok.com.br\/blog\/wp-content\/uploads\/2025\/12\/01_720x300-150x63.jpg 150w\" sizes=\"(max-width: 720px) 100vw, 720px\" width=\"720\" height=\"300\"   \/><\/a><\/div><\/div><h2 class=\"wp-block-heading\" id=\"h-saiba-mais-curiosidades\">Saiba mais curiosidades<\/h2>\n\n\n\n<p>Ei, Motorista! Se voc\u00ea chegou at\u00e9 aqui, achamos que tamb\u00e9m vai precisar saber disso. Confira:&nbsp;<\/p>\n\n\n\n<div class=\"wp-block-advgb-list\"><ul class=\"advgblist-73e693cc-b9f1-412b-9744-dbddfca42cbc advgb-list advgb-list-admin-post\"><li><a href=\"https:\/\/www.despachantedok.com.br\/blog\/veiculo\/sedan-ou-hatch\/\" target=\"_blank\" rel=\"noreferrer noopener\">Sedan ou Hatch: entenda as diferen\u00e7as e principais vantagens de cada um<\/a>\u00a0<\/li>\n<li><a href=\"https:\/\/www.despachantedok.com.br\/blog\/veiculo\/farol-de-milha\/\" target=\"_blank\" rel=\"noreferrer noopener\">Conhe\u00e7a as principais curiosidades sobre o farol de milha<\/a>\u00a0<\/li>\n<li><a href=\"https:\/\/www.despachantedok.com.br\/blog\/veiculo\/reboque\/\" target=\"_blank\" rel=\"noreferrer noopener\">Como funciona o reboque para carros?<\/a><\/li>\n<\/ul><\/div>\n\n\n\n<hr class=\"wp-block-separator\"\/>\n\n\n\n<h2 class=\"wp-block-heading\" id=\"h-como-instalar-bagageiro-de-teto\">Como instalar bagageiro de teto?<\/h2>\n\n\n\n<p>Atualmente, a instala\u00e7\u00e3o do bagageiro de teto envolve poucas etapas e \u00e9 considerada simples pela maior parte dos motoristas. Confira a seguir o passo a passo indicado por especialistas:<\/p>\n\n\n\n<div class=\"wp-block-image\"><figure class=\"aligncenter size-large\"><img decoding=\"async\" width=\"492\" height=\"1024\" src=\"https:\/\/assets.despachantedok.com.br\/blog\/wp-content\/uploads\/2023\/12\/infografico-como-instalar-bagageiro-de-teto-dok-1-492x1024.jpg\" alt=\"infogr\u00e1fico sobre como instalar bagageiro de teto | DOK\" class=\"wp-image-22256\" srcset=\"https:\/\/assets.despachantedok.com.br\/blog\/wp-content\/uploads\/2023\/12\/infografico-como-instalar-bagageiro-de-teto-dok-1-492x1024.jpg 492w, https:\/\/assets.despachantedok.com.br\/blog\/wp-content\/uploads\/2023\/12\/infografico-como-instalar-bagageiro-de-teto-dok-1-144x300.jpg 144w, https:\/\/assets.despachantedok.com.br\/blog\/wp-content\/uploads\/2023\/12\/infografico-como-instalar-bagageiro-de-teto-dok-1-244x508.jpg 244w, https:\/\/assets.despachantedok.com.br\/blog\/wp-content\/uploads\/2023\/12\/infografico-como-instalar-bagageiro-de-teto-dok-1-150x312.jpg 150w, https:\/\/assets.despachantedok.com.br\/blog\/wp-content\/uploads\/2023\/12\/infografico-como-instalar-bagageiro-de-teto-dok-1.jpg 700w\" sizes=\"(max-width: 492px) 100vw, 492px\" \/><figcaption>Infogr\u00e1fico elaborado por Bruna Florentino &#8211; DOK<\/figcaption><\/figure><\/div>\n\n\n\n<div class=\"wp-block-advgb-list\"><ul class=\"advgblist-1375c819-6696-4c38-a8ec-221219bd9fab advgb-list advgb-list-arrow-right-alt\"><li><strong>Escolha do bagageiro de teto:<\/strong> fa\u00e7a uma pesquisa caprichada e escolha um produto compat\u00edvel com seu carro. Tamb\u00e9m \u00e9 importante considerar a capacidade de carga, o design aerodin\u00e2mico e facilidade de instala\u00e7\u00e3o.<\/li>\n<li><strong>Verifica\u00e7\u00e3o de capacidade do teto:<\/strong> cheque o manual do propriet\u00e1rio do seu ve\u00edculo para confirmar se possui pontos de fixa\u00e7\u00e3o projetados para receber esse tipo de acess\u00f3rio.<\/li>\n<li><strong>Montagem do bagageiro:<\/strong> agora \u00e9 hora de acompanhar com aten\u00e7\u00e3o as orienta\u00e7\u00f5es do fabricante. \u00c9 poss\u00edvel que voc\u00ea precise encaixar os suportes e as barras transversais no teto do ve\u00edculo.<\/li>\n<li><strong>Posicionamento e fixa\u00e7\u00e3o das barras transversais:<\/strong> antes de fazer a fixa\u00e7\u00e3o, tenha certeza de que o nivelamento est\u00e1 adequado e\u00a0 que tudo est\u00e1 alinhado. Procure garantir a estabilidade dos suportes.<\/li>\n<li><strong>Carregamento seguro:<\/strong> sempre que usar o bagageiro de teto, tome precau\u00e7\u00f5es para que a carga seja distribu\u00edda uniformemente. Cintas e correias podem ser de grande ajuda para isso.<\/li>\n<li><strong>Verifica\u00e7\u00e3o de seguran\u00e7a:<\/strong> seja para um passeio curto ou uma viagem longa, \u00e9 importante ter certeza de que o bagageiro est\u00e1 firme. Uma boa dica \u00e9 fazer verifica\u00e7\u00f5es em paradas durante o percurso.<\/li>\n<li><strong>Ajustes de acess\u00f3rios:<\/strong> se voc\u00ea optar por algum suporte extra, confira o manual de instru\u00e7\u00f5es para entender como deve ser acoplado.<\/li>\n<li><strong>Restri\u00e7\u00f5es de altura e manuten\u00e7\u00e3o:<\/strong> mantenha em mente as restri\u00e7\u00f5es de altura ap\u00f3s instalar o seu bagageiro para <a href=\"https:\/\/www.despachantedok.com.br\/blog\/veiculo\/caminhonetes-4x4\/\" target=\"_blank\" rel=\"noreferrer noopener\">caminhonete<\/a> ou carro. Tamb\u00e9m \u00e9 importante fazer manuten\u00e7\u00f5es frequentes no sistema.<\/li>\n<\/ul><\/div>\n\n\n\n<h2 class=\"wp-block-heading\" id=\"h-o-que-diz-a-lei-sobre-bagageiro-de-teto\">O que diz a lei sobre bagageiro de teto?<\/h2>\n\n\n\n<p>Motorista, se voc\u00ea \u00e9 um entusiasta das viagens, vai gostar de saber que a lei autoriza o uso de bagageiro de teto em diversos modelos de carro.&nbsp;<\/p>\n\n\n\n<p>No entanto, existem v\u00e1rios cuidados que precisam ser tomados e, caso alguma norma n\u00e3o seja cumprida, esse uso se torna irregular. Por exemplo, s\u00f3 s\u00e3o autorizados modelos de ve\u00edculos cujo fabricante confirme a compatibilidade com o uso do maleiro de carro.&nbsp;<\/p>\n\n\n\n<p>Tamb\u00e9m \u00e9 preciso respeitar os limites de altura da regi\u00e3o em quest\u00e3o, garantir uma boa visibilidade para os autom\u00f3veis que estiverem atr\u00e1s de voc\u00ea, usar artigos de fixa\u00e7\u00e3o adequados e, principalmente, conferir as normas espec\u00edficas de efici\u00eancia de combust\u00edvel e cargas aceitas nesse contexto.<\/p>\n\n\n\n<p>Caso voc\u00ea seja abordado, e a autoridade verificar que o peso no bagageiro de teto \u00e9 uma amea\u00e7a para a seguran\u00e7a dos pedestres e dos motoristas, voc\u00ea pode ser penalizado com pontos na Carteira Nacional de Habilita\u00e7\u00e3o e uma multa por infra\u00e7\u00e3o grave.<\/p>\n\n\n\n<p>Uma boa dica \u00e9 saber que a legisla\u00e7\u00e3o brasileira entende como aceit\u00e1vel uma carga transportada que n\u00e3o ultrapasse a largura, o comprimento, o peso ou a altura do ve\u00edculo utilizado. Mas lembre-se que \u00e9 preciso ter bom senso e avaliar o que est\u00e1 sendo transportado, bem como o seu volume.<\/p>\n\n\n\n<h2 class=\"wp-block-heading\" id=\"h-recebi-uma-multa-por-usar-errado-o-bagageiro-de-teto-e-agora\">Recebi uma multa por usar errado o bagageiro de teto: e agora?<\/h2>\n\n\n\n<p>Se algo assim acontecer com voc\u00ea, motorista, n\u00e3o se preocupe. Isso pode ser resolvido de um jeito muito mais r\u00e1pido do que voc\u00ea imagina. Comece realizando uma consulta no site do DOK Despachante para conferir quais os d\u00e9bitos que est\u00e3o registrados para o seu ve\u00edculo. Para isso, \u00e9 necess\u00e1rio apenas informar a placa e um e-mail v\u00e1lido.<\/p>\n\n\n\n<p>Por ser reconhecido pelo Detran, o DOK&nbsp; consegue ter acesso a esses dados com poucas informa\u00e7\u00f5es e, ainda, proporcionar condi\u00e7\u00f5es especiais de pagamento, que incluem o uso de at\u00e9 seis cart\u00f5es diferentes e o parcelamento de multas em at\u00e9 12 vezes.<\/p>\n\n\n\n<p><a href=\"https:\/\/www.despachantedok.com.br\/\" target=\"_blank\" rel=\"noreferrer noopener\">Consulte agora<\/a> os documentos do seu ve\u00edculo e fique dentro das leis de tr\u00e2nsito!<\/p>\n\n\n\n<h2 class=\"wp-block-heading\" id=\"h-conclus-o\">Conclus\u00e3o<\/h2>\n\n\n\n<p>Motorista, neste artigo, desvendamos os mist\u00e9rios em torno do bagageiro de teto, um aliado valioso para os entusiastas de viagens. Falamos sobre o funcionamento, instala\u00e7\u00e3o e normas que regem o uso desse acess\u00f3rio.&nbsp;&nbsp;<\/p>\n\n\n\n<p>Lembre-se sempre de seguir as recomenda\u00e7\u00f5es e regulamentos, garantindo uma viagem segura e livre de contratempos. Caso surja uma situa\u00e7\u00e3o, como uma multa, n\u00e3o esque\u00e7a de consultar seus d\u00e9bitos e realizar o pagamento no DOK Despachante com condi\u00e7\u00f5es especiais.&nbsp;<\/p>\n\n\n\n<p>Gostou do conte\u00fado? Conhe\u00e7a o&nbsp;<a href=\"https:\/\/www.despachantedok.com.br\/blog\/\" target=\"_blank\" rel=\"noreferrer noopener\">nosso blog<\/a>, temos muitos outros artigos para tirar todas as suas d\u00favidas! Tamb\u00e9m confira as nossas redes sociais, estamos no&nbsp;<a href=\"https:\/\/www.instagram.com\/dokdespachante\/?__coig_restricted=1\" target=\"_blank\" rel=\"noreferrer noopener\">Instagram<\/a>,&nbsp;<a href=\"https:\/\/web.facebook.com\/DOKDespachante?_rdc=1&amp;_rdr\" target=\"_blank\" rel=\"noreferrer noopener\">Facebook<\/a>,&nbsp;<a href=\"https:\/\/www.youtube.com\/@DOKDespachanteOficial\" target=\"_blank\" rel=\"noreferrer noopener\">YouTube<\/a>,&nbsp;<a href=\"https:\/\/www.tiktok.com\/@despachantedok\" target=\"_blank\" rel=\"noreferrer noopener\">TikTok<\/a>&nbsp;e&nbsp;<a href=\"https:\/\/br.linkedin.com\/company\/despachantedok\" target=\"_blank\" rel=\"noreferrer noopener\">LinkedIn<\/a>.&nbsp;<\/p>\n\n\n\n<p class=\"has-luminous-vivid-amber-color has-text-color\"><em><strong>Tags<\/strong>: bagageiro de teto para carro, lei sobre bagageiro de teto, maleiro de carro, bagageiro para caminhonete<\/em><\/p>\n\n\n\n<hr class=\"wp-block-separator\"\/>\n\n\n\n<h2 class=\"wp-block-heading\" id=\"h-perguntas-frequentes-sobre-bagageiro-de-teto\">Perguntas frequentes sobre bagageiro de teto<\/h2>\n\n\n\n<div class=\"schema-faq wp-block-yoast-faq-block\"><div class=\"schema-faq-section\" id=\"faq-question-1701964243496\"><strong class=\"schema-faq-question\"><strong>\u00c9 permitido bagageiro de teto?<\/strong><\/strong> <p class=\"schema-faq-answer\">Sim, o bagageiro de teto \u00e9 permitido. Este acess\u00f3rio, usado para transportar cargas como equipamentos esportivos, caixas e bagagens grandes, pode ser utilizado em todo o territ\u00f3rio brasileiro. No entanto, o fabricante do ve\u00edculo deve deixar claro no manual de uso as condi\u00e7\u00f5es de peso, altura, tamanho e tipo de carga.<\/p> <\/div> <div class=\"schema-faq-section\" id=\"faq-question-1701964244407\"><strong class=\"schema-faq-question\"><strong>Pode carregar escada no bagageiro de teto?<\/strong><\/strong> <p class=\"schema-faq-answer\">As leis de carregamento de escada no bagageiro de teto est\u00e3o sendo revistas e, no momento, essa pr\u00e1tica s\u00f3 \u00e9 permitida em determinados modelos de carros e com cargas que n\u00e3o ultrapassem as dimens\u00f5es indicadas pelo C\u00f3digo de Tr\u00e2nsito Brasileiro. Qualquer irregularidade pode gerar uma multa e a adi\u00e7\u00e3o de pontos na Carteira Nacional de Habilita\u00e7\u00e3o.<\/p> <\/div> <div class=\"schema-faq-section\" id=\"faq-question-1701964244984\"><strong class=\"schema-faq-question\"><strong>O que \u00e9 um bagageiro de teto?<\/strong><\/strong> <p class=\"schema-faq-answer\">\u00c9 um acess\u00f3rio que deve ser fixado na parte superior de um carro para proporcionar chances de transporte de objetos que n\u00e3o cabem no ambiente interno dos ve\u00edculos tradicionais. \u00c9 muito comum para viajantes que tenham pequenos caiaques, bicicletas, pranchas de surf ou cargas e bagagens maiores.<\/p> <\/div> <\/div>\n<style class=\"advgb-styles-renderer\">.wp-block-advgb-list ul.advgblist-73e693cc-b9f1-412b-9744-dbddfca42cbc > li{font-size:16px;}.wp-block-advgb-list ul.advgblist-73e693cc-b9f1-412b-9744-dbddfca42cbc > li{padding-left:18px;margin-left:0;}.wp-block-advgb-list ul.advgblist-73e693cc-b9f1-412b-9744-dbddfca42cbc > li:before{font-size:16px;color:#cf2e2e;line-height:18px;margin:2px;padding:2px;margin-left:-20px}.wp-block-advgb-list ul.advgblist-1375c819-6696-4c38-a8ec-221219bd9fab > li{font-size:16px;}.wp-block-advgb-list ul.advgblist-1375c819-6696-4c38-a8ec-221219bd9fab > li{padding-left:18px;margin-left:0;}.wp-block-advgb-list ul.advgblist-1375c819-6696-4c38-a8ec-221219bd9fab > li:before{font-size:16px;color:#cf2e2e;line-height:18px;margin:2px;padding:2px;margin-left:-20px}<\/style>","protected":false},"excerpt":{"rendered":"<p>Salve, Motorista! Voc\u00ea j\u00e1 considerou usar um bagageiro de teto? Queridinho entre os viajantes e considerado uma excelente solu\u00e7\u00e3o de log\u00edstica, o bagageiro de teto conquistou o p\u00fablico por seu tamanho compacto, resist\u00eancia e, principalmente, versatilidade para transportar cargas que n\u00e3o caberiam no interior de um carro. Mas, para muitas pessoas, esse assunto ainda \u00e9 [&hellip;]<\/p>\n","protected":false},"author":4,"featured_media":22208,"comment_status":"open","ping_status":"open","sticky":false,"template":"","format":"standard","meta":{"advgb_blocks_editor_width":"","advgb_blocks_columns_visual_guide":"","_glsr_average":3.5,"_glsr_ranking":3.5,"_glsr_reviews":4,"lazy_load_responsive_images_disabled":false,"footnotes":""},"categories":[131],"tags":[],"class_list":["post-22169","post","type-post","status-publish","format-standard","has-post-thumbnail","hentry","category-veiculo"],"yoast_head":"<!-- This site is optimized with the Yoast SEO Premium plugin v26.0 (Yoast SEO v27.2) - https:\/\/yoast.com\/product\/yoast-seo-premium-wordpress\/ -->\n<title>Saiba como funciona e como colocar bagageiro de teto | DOK<\/title>\n<meta name=\"description\" content=\"Entenda o que a legisla\u00e7\u00e3o diz sobre o bagageiro de teto e conhe\u00e7a as pr\u00e1ticas para aproveitar esse item da melhor forma. Confira!\" \/>\n<meta name=\"robots\" content=\"index, follow, max-snippet:-1, max-image-preview:large, max-video-preview:-1\" \/>\n<link rel=\"canonical\" href=\"https:\/\/www.despachantedok.com.br\/blog\/veiculo\/bagageiro-de-teto\/\" \/>\n<meta property=\"og:locale\" content=\"pt_BR\" \/>\n<meta property=\"og:type\" content=\"article\" \/>\n<meta property=\"og:title\" content=\"Bagageiro de teto: como funciona e como colocar?\" \/>\n<meta property=\"og:description\" content=\"Entenda o que a legisla\u00e7\u00e3o diz sobre o bagageiro de teto e conhe\u00e7a as pr\u00e1ticas para aproveitar esse item da melhor forma. Confira!\" \/>\n<meta property=\"og:url\" content=\"https:\/\/www.despachantedok.com.br\/blog\/veiculo\/bagageiro-de-teto\/\" \/>\n<meta property=\"og:site_name\" content=\"Acesse o Blog e conhe\u00e7a todos os nossos artigos | DOK Despachante\" \/>\n<meta property=\"article:publisher\" content=\"https:\/\/facebook.com\/DOKDespachante\/\" \/>\n<meta property=\"article:author\" content=\"https:\/\/www.facebook.com\/DOKDespachante\" \/>\n<meta property=\"article:published_time\" content=\"2023-12-08T18:09:19+00:00\" \/>\n<meta property=\"article:modified_time\" content=\"2024-03-22T16:26:53+00:00\" \/>\n<meta property=\"og:image\" content=\"https:\/\/assets.despachantedok.com.br\/blog\/wp-content\/uploads\/2023\/12\/capa-saiba-como-funciona-e-como-colocar-bagageiro-de-teto-dok.jpg\" \/>\n\t<meta property=\"og:image:width\" content=\"555\" \/>\n\t<meta property=\"og:image:height\" content=\"254\" \/>\n\t<meta property=\"og:image:type\" content=\"image\/jpeg\" \/>\n<meta name=\"author\" content=\"Redator DOK\" \/>\n<meta name=\"twitter:card\" content=\"summary_large_image\" \/>\n<meta name=\"twitter:label1\" content=\"Escrito por\" \/>\n\t<meta name=\"twitter:data1\" content=\"Redator DOK\" \/>\n\t<meta name=\"twitter:label2\" content=\"Est. tempo de leitura\" \/>\n\t<meta name=\"twitter:data2\" content=\"6 minutos\" \/>\n<script type=\"application\/ld+json\" class=\"yoast-schema-graph\">{\"@context\":\"https:\/\/schema.org\",\"@graph\":[{\"@type\":\"Article\",\"@id\":\"https:\/\/www.despachantedok.com.br\/blog\/veiculo\/bagageiro-de-teto\/#article\",\"isPartOf\":{\"@id\":\"https:\/\/www.despachantedok.com.br\/blog\/veiculo\/bagageiro-de-teto\/\"},\"author\":{\"name\":\"Redator DOK\",\"@id\":\"https:\/\/www.despachantedok.com.br\/blog\/#\/schema\/person\/5716ff88f65b0d34cfaf39e01bbcabe9\"},\"headline\":\"Bagageiro de teto: como funciona e como colocar?\",\"datePublished\":\"2023-12-08T18:09:19+00:00\",\"dateModified\":\"2024-03-22T16:26:53+00:00\",\"mainEntityOfPage\":{\"@id\":\"https:\/\/www.despachantedok.com.br\/blog\/veiculo\/bagageiro-de-teto\/\"},\"wordCount\":1317,\"commentCount\":2,\"publisher\":{\"@id\":\"https:\/\/www.despachantedok.com.br\/blog\/#organization\"},\"image\":{\"@id\":\"https:\/\/www.despachantedok.com.br\/blog\/veiculo\/bagageiro-de-teto\/#primaryimage\"},\"thumbnailUrl\":\"https:\/\/assets.despachantedok.com.br\/blog\/wp-content\/uploads\/2023\/12\/capa-saiba-como-funciona-e-como-colocar-bagageiro-de-teto-dok.jpg\",\"articleSection\":[\"Ve\u00edculos\"],\"inLanguage\":\"pt-BR\",\"potentialAction\":[{\"@type\":\"CommentAction\",\"name\":\"Comment\",\"target\":[\"https:\/\/www.despachantedok.com.br\/blog\/veiculo\/bagageiro-de-teto\/#respond\"]}]},{\"@type\":[\"WebPage\",\"FAQPage\"],\"@id\":\"https:\/\/www.despachantedok.com.br\/blog\/veiculo\/bagageiro-de-teto\/\",\"url\":\"https:\/\/www.despachantedok.com.br\/blog\/veiculo\/bagageiro-de-teto\/\",\"name\":\"Saiba como funciona e como colocar bagageiro de teto | DOK\",\"isPartOf\":{\"@id\":\"https:\/\/www.despachantedok.com.br\/blog\/#website\"},\"primaryImageOfPage\":{\"@id\":\"https:\/\/www.despachantedok.com.br\/blog\/veiculo\/bagageiro-de-teto\/#primaryimage\"},\"image\":{\"@id\":\"https:\/\/www.despachantedok.com.br\/blog\/veiculo\/bagageiro-de-teto\/#primaryimage\"},\"thumbnailUrl\":\"https:\/\/assets.despachantedok.com.br\/blog\/wp-content\/uploads\/2023\/12\/capa-saiba-como-funciona-e-como-colocar-bagageiro-de-teto-dok.jpg\",\"datePublished\":\"2023-12-08T18:09:19+00:00\",\"dateModified\":\"2024-03-22T16:26:53+00:00\",\"description\":\"Entenda o que a legisla\u00e7\u00e3o diz sobre o bagageiro de teto e conhe\u00e7a as pr\u00e1ticas para aproveitar esse item da melhor forma. Confira!\",\"breadcrumb\":{\"@id\":\"https:\/\/www.despachantedok.com.br\/blog\/veiculo\/bagageiro-de-teto\/#breadcrumb\"},\"mainEntity\":[{\"@id\":\"https:\/\/www.despachantedok.com.br\/blog\/veiculo\/bagageiro-de-teto\/#faq-question-1701964243496\"},{\"@id\":\"https:\/\/www.despachantedok.com.br\/blog\/veiculo\/bagageiro-de-teto\/#faq-question-1701964244407\"},{\"@id\":\"https:\/\/www.despachantedok.com.br\/blog\/veiculo\/bagageiro-de-teto\/#faq-question-1701964244984\"}],\"inLanguage\":\"pt-BR\",\"potentialAction\":[{\"@type\":\"ReadAction\",\"target\":[\"https:\/\/www.despachantedok.com.br\/blog\/veiculo\/bagageiro-de-teto\/\"]}]},{\"@type\":\"ImageObject\",\"inLanguage\":\"pt-BR\",\"@id\":\"https:\/\/www.despachantedok.com.br\/blog\/veiculo\/bagageiro-de-teto\/#primaryimage\",\"url\":\"https:\/\/assets.despachantedok.com.br\/blog\/wp-content\/uploads\/2023\/12\/capa-saiba-como-funciona-e-como-colocar-bagageiro-de-teto-dok.jpg\",\"contentUrl\":\"https:\/\/assets.despachantedok.com.br\/blog\/wp-content\/uploads\/2023\/12\/capa-saiba-como-funciona-e-como-colocar-bagageiro-de-teto-dok.jpg\",\"width\":555,\"height\":254,\"caption\":\"Capa Artigo Saiba como funciona e como colocar bagageiro de teto | DOK\"},{\"@type\":\"BreadcrumbList\",\"@id\":\"https:\/\/www.despachantedok.com.br\/blog\/veiculo\/bagageiro-de-teto\/#breadcrumb\",\"itemListElement\":[{\"@type\":\"ListItem\",\"position\":1,\"name\":\"Blog\",\"item\":\"https:\/\/www.despachantedok.com.br\/blog\/\"},{\"@type\":\"ListItem\",\"position\":2,\"name\":\"Ve\u00edculos\",\"item\":\"https:\/\/www.despachantedok.com.br\/blog\/categoria\/veiculo\/\"},{\"@type\":\"ListItem\",\"position\":3,\"name\":\"Bagageiro de teto: como funciona e como colocar?\"}]},{\"@type\":\"WebSite\",\"@id\":\"https:\/\/www.despachantedok.com.br\/blog\/#website\",\"url\":\"https:\/\/www.despachantedok.com.br\/blog\/\",\"name\":\"Acesse o Blog e conhe\u00e7a todos os nossos artigos | DOK Despachante\",\"description\":\"Fique por dentro de artigos sobre o tr\u00e2nsito brasileiro! Conhe\u00e7a informa\u00e7\u00f5es sobre licenciamento, ipva, multas e muito mais. Acesse agora o Blog do DOK!\",\"publisher\":{\"@id\":\"https:\/\/www.despachantedok.com.br\/blog\/#organization\"},\"alternateName\":\"Blog do DOK\",\"potentialAction\":[{\"@type\":\"SearchAction\",\"target\":{\"@type\":\"EntryPoint\",\"urlTemplate\":\"https:\/\/www.despachantedok.com.br\/blog\/?s={search_term_string}\"},\"query-input\":{\"@type\":\"PropertyValueSpecification\",\"valueRequired\":true,\"valueName\":\"search_term_string\"}}],\"inLanguage\":\"pt-BR\"},{\"@type\":\"Organization\",\"@id\":\"https:\/\/www.despachantedok.com.br\/blog\/#organization\",\"name\":\"DOK Despachante\",\"alternateName\":\"DOK\",\"url\":\"https:\/\/www.despachantedok.com.br\/blog\/\",\"logo\":{\"@type\":\"ImageObject\",\"inLanguage\":\"pt-BR\",\"@id\":\"https:\/\/www.despachantedok.com.br\/blog\/#\/schema\/logo\/image\/\",\"url\":\"https:\/\/assets.despachantedok.com.br\/blog\/wp-content\/uploads\/2024\/01\/logo-dok_novo_blog.svg\",\"contentUrl\":\"https:\/\/assets.despachantedok.com.br\/blog\/wp-content\/uploads\/2024\/01\/logo-dok_novo_blog.svg\",\"width\":284,\"height\":131,\"caption\":\"DOK Despachante\"},\"image\":{\"@id\":\"https:\/\/www.despachantedok.com.br\/blog\/#\/schema\/logo\/image\/\"},\"sameAs\":[\"https:\/\/facebook.com\/DOKDespachante\/\"],\"address\":{\"@type\":\"PostalAddress\",\"streetAddress\":\"Pra\u00e7a Frank Speers, 12\",\"addressLocality\":\"Sorocaba\",\"addressRegion\":\"SP\",\"postalCode\":\"18095-020\",\"addressCountry\":\"BR\"},\"email\":\"fale@despachantedok.com.br\",\"telephone\":\"551530422030\",\"legalName\":\"DOK Servi\u00e7os de Pagamentos Ltda.\",\"vatID\":\"27.838.743\/0001-91\"},{\"@type\":\"Person\",\"@id\":\"https:\/\/www.despachantedok.com.br\/blog\/#\/schema\/person\/5716ff88f65b0d34cfaf39e01bbcabe9\",\"name\":\"Redator DOK\",\"description\":\"O Redator \u00e9 a equipe de produ\u00e7\u00e3o do DOK, formada por redatores especialistas em marketing, jornalismo, letras e outras \u00e1reas. Nossos artigos s\u00e3o escritos com base em fontes oficiais, como o Detran, CTB, SENATRAN e Sefaz, para oferecer informa\u00e7\u00f5es relevantes e atualizadas aos motoristas de todo o Brasil. Em nossos artigos, tamb\u00e9m \u00e9 poss\u00edvel conhecer todos os servi\u00e7os disponibilizados pelo DOK Despachante, como consultas e pagamentos facilitados para licenciamento, IPVA, multas, entre outros.\u00a0\",\"sameAs\":[\"https:\/\/www.despachantedok.com.br\",\"https:\/\/www.facebook.com\/DOKDespachante\",\"https:\/\/www.instagram.com\/dokdespachante\/\",\"https:\/\/pt.linkedin.com\/company\/dok-despachante\",\"https:\/\/www.youtube.com\/channel\/UCkbHiCyqjaaxwiPKB4ysl4A\"],\"url\":\"https:\/\/www.despachantedok.com.br\/blog\/author\/dok\/\"},{\"@type\":\"Question\",\"@id\":\"https:\/\/www.despachantedok.com.br\/blog\/veiculo\/bagageiro-de-teto\/#faq-question-1701964243496\",\"position\":1,\"url\":\"https:\/\/www.despachantedok.com.br\/blog\/veiculo\/bagageiro-de-teto\/#faq-question-1701964243496\",\"name\":\"\u00c9 permitido bagageiro de teto?\",\"answerCount\":1,\"acceptedAnswer\":{\"@type\":\"Answer\",\"text\":\"Sim, o bagageiro de teto \u00e9 permitido. Este acess\u00f3rio, usado para transportar cargas como equipamentos esportivos, caixas e bagagens grandes, pode ser utilizado em todo o territ\u00f3rio brasileiro. No entanto, o fabricante do ve\u00edculo deve deixar claro no manual de uso as condi\u00e7\u00f5es de peso, altura, tamanho e tipo de carga.\",\"inLanguage\":\"pt-BR\"},\"inLanguage\":\"pt-BR\"},{\"@type\":\"Question\",\"@id\":\"https:\/\/www.despachantedok.com.br\/blog\/veiculo\/bagageiro-de-teto\/#faq-question-1701964244407\",\"position\":2,\"url\":\"https:\/\/www.despachantedok.com.br\/blog\/veiculo\/bagageiro-de-teto\/#faq-question-1701964244407\",\"name\":\"Pode carregar escada no bagageiro de teto?\",\"answerCount\":1,\"acceptedAnswer\":{\"@type\":\"Answer\",\"text\":\"As leis de carregamento de escada no bagageiro de teto est\u00e3o sendo revistas e, no momento, essa pr\u00e1tica s\u00f3 \u00e9 permitida em determinados modelos de carros e com cargas que n\u00e3o ultrapassem as dimens\u00f5es indicadas pelo C\u00f3digo de Tr\u00e2nsito Brasileiro. Qualquer irregularidade pode gerar uma multa e a adi\u00e7\u00e3o de pontos na Carteira Nacional de Habilita\u00e7\u00e3o.\",\"inLanguage\":\"pt-BR\"},\"inLanguage\":\"pt-BR\"},{\"@type\":\"Question\",\"@id\":\"https:\/\/www.despachantedok.com.br\/blog\/veiculo\/bagageiro-de-teto\/#faq-question-1701964244984\",\"position\":3,\"url\":\"https:\/\/www.despachantedok.com.br\/blog\/veiculo\/bagageiro-de-teto\/#faq-question-1701964244984\",\"name\":\"O que \u00e9 um bagageiro de teto?\",\"answerCount\":1,\"acceptedAnswer\":{\"@type\":\"Answer\",\"text\":\"\u00c9 um acess\u00f3rio que deve ser fixado na parte superior de um carro para proporcionar chances de transporte de objetos que n\u00e3o cabem no ambiente interno dos ve\u00edculos tradicionais. \u00c9 muito comum para viajantes que tenham pequenos caiaques, bicicletas, pranchas de surf ou cargas e bagagens maiores.\",\"inLanguage\":\"pt-BR\"},\"inLanguage\":\"pt-BR\"}]}<\/script>\n<!-- \/ Yoast SEO Premium plugin. -->","yoast_head_json":{"title":"Saiba como funciona e como colocar bagageiro de teto | DOK","description":"Entenda o que a legisla\u00e7\u00e3o diz sobre o bagageiro de teto e conhe\u00e7a as pr\u00e1ticas para aproveitar esse item da melhor forma. Confira!","robots":{"index":"index","follow":"follow","max-snippet":"max-snippet:-1","max-image-preview":"max-image-preview:large","max-video-preview":"max-video-preview:-1"},"canonical":"https:\/\/www.despachantedok.com.br\/blog\/veiculo\/bagageiro-de-teto\/","og_locale":"pt_BR","og_type":"article","og_title":"Bagageiro de teto: como funciona e como colocar?","og_description":"Entenda o que a legisla\u00e7\u00e3o diz sobre o bagageiro de teto e conhe\u00e7a as pr\u00e1ticas para aproveitar esse item da melhor forma. Confira!","og_url":"https:\/\/www.despachantedok.com.br\/blog\/veiculo\/bagageiro-de-teto\/","og_site_name":"Acesse o Blog e conhe\u00e7a todos os nossos artigos | DOK Despachante","article_publisher":"https:\/\/facebook.com\/DOKDespachante\/","article_author":"https:\/\/www.facebook.com\/DOKDespachante","article_published_time":"2023-12-08T18:09:19+00:00","article_modified_time":"2024-03-22T16:26:53+00:00","og_image":[{"width":555,"height":254,"url":"https:\/\/assets.despachantedok.com.br\/blog\/wp-content\/uploads\/2023\/12\/capa-saiba-como-funciona-e-como-colocar-bagageiro-de-teto-dok.jpg","type":"image\/jpeg"}],"author":"Redator DOK","twitter_card":"summary_large_image","twitter_misc":{"Escrito por":"Redator DOK","Est. tempo de leitura":"6 minutos"},"schema":{"@context":"https:\/\/schema.org","@graph":[{"@type":"Article","@id":"https:\/\/www.despachantedok.com.br\/blog\/veiculo\/bagageiro-de-teto\/#article","isPartOf":{"@id":"https:\/\/www.despachantedok.com.br\/blog\/veiculo\/bagageiro-de-teto\/"},"author":{"name":"Redator DOK","@id":"https:\/\/www.despachantedok.com.br\/blog\/#\/schema\/person\/5716ff88f65b0d34cfaf39e01bbcabe9"},"headline":"Bagageiro de teto: como funciona e como colocar?","datePublished":"2023-12-08T18:09:19+00:00","dateModified":"2024-03-22T16:26:53+00:00","mainEntityOfPage":{"@id":"https:\/\/www.despachantedok.com.br\/blog\/veiculo\/bagageiro-de-teto\/"},"wordCount":1317,"commentCount":2,"publisher":{"@id":"https:\/\/www.despachantedok.com.br\/blog\/#organization"},"image":{"@id":"https:\/\/www.despachantedok.com.br\/blog\/veiculo\/bagageiro-de-teto\/#primaryimage"},"thumbnailUrl":"https:\/\/assets.despachantedok.com.br\/blog\/wp-content\/uploads\/2023\/12\/capa-saiba-como-funciona-e-como-colocar-bagageiro-de-teto-dok.jpg","articleSection":["Ve\u00edculos"],"inLanguage":"pt-BR","potentialAction":[{"@type":"CommentAction","name":"Comment","target":["https:\/\/www.despachantedok.com.br\/blog\/veiculo\/bagageiro-de-teto\/#respond"]}]},{"@type":["WebPage","FAQPage"],"@id":"https:\/\/www.despachantedok.com.br\/blog\/veiculo\/bagageiro-de-teto\/","url":"https:\/\/www.despachantedok.com.br\/blog\/veiculo\/bagageiro-de-teto\/","name":"Saiba como funciona e como colocar bagageiro de teto | DOK","isPartOf":{"@id":"https:\/\/www.despachantedok.com.br\/blog\/#website"},"primaryImageOfPage":{"@id":"https:\/\/www.despachantedok.com.br\/blog\/veiculo\/bagageiro-de-teto\/#primaryimage"},"image":{"@id":"https:\/\/www.despachantedok.com.br\/blog\/veiculo\/bagageiro-de-teto\/#primaryimage"},"thumbnailUrl":"https:\/\/assets.despachantedok.com.br\/blog\/wp-content\/uploads\/2023\/12\/capa-saiba-como-funciona-e-como-colocar-bagageiro-de-teto-dok.jpg","datePublished":"2023-12-08T18:09:19+00:00","dateModified":"2024-03-22T16:26:53+00:00","description":"Entenda o que a legisla\u00e7\u00e3o diz sobre o bagageiro de teto e conhe\u00e7a as pr\u00e1ticas para aproveitar esse item da melhor forma. Confira!","breadcrumb":{"@id":"https:\/\/www.despachantedok.com.br\/blog\/veiculo\/bagageiro-de-teto\/#breadcrumb"},"mainEntity":[{"@id":"https:\/\/www.despachantedok.com.br\/blog\/veiculo\/bagageiro-de-teto\/#faq-question-1701964243496"},{"@id":"https:\/\/www.despachantedok.com.br\/blog\/veiculo\/bagageiro-de-teto\/#faq-question-1701964244407"},{"@id":"https:\/\/www.despachantedok.com.br\/blog\/veiculo\/bagageiro-de-teto\/#faq-question-1701964244984"}],"inLanguage":"pt-BR","potentialAction":[{"@type":"ReadAction","target":["https:\/\/www.despachantedok.com.br\/blog\/veiculo\/bagageiro-de-teto\/"]}]},{"@type":"ImageObject","inLanguage":"pt-BR","@id":"https:\/\/www.despachantedok.com.br\/blog\/veiculo\/bagageiro-de-teto\/#primaryimage","url":"https:\/\/assets.despachantedok.com.br\/blog\/wp-content\/uploads\/2023\/12\/capa-saiba-como-funciona-e-como-colocar-bagageiro-de-teto-dok.jpg","contentUrl":"https:\/\/assets.despachantedok.com.br\/blog\/wp-content\/uploads\/2023\/12\/capa-saiba-como-funciona-e-como-colocar-bagageiro-de-teto-dok.jpg","width":555,"height":254,"caption":"Capa Artigo Saiba como funciona e como colocar bagageiro de teto | DOK"},{"@type":"BreadcrumbList","@id":"https:\/\/www.despachantedok.com.br\/blog\/veiculo\/bagageiro-de-teto\/#breadcrumb","itemListElement":[{"@type":"ListItem","position":1,"name":"Blog","item":"https:\/\/www.despachantedok.com.br\/blog\/"},{"@type":"ListItem","position":2,"name":"Ve\u00edculos","item":"https:\/\/www.despachantedok.com.br\/blog\/categoria\/veiculo\/"},{"@type":"ListItem","position":3,"name":"Bagageiro de teto: como funciona e como colocar?"}]},{"@type":"WebSite","@id":"https:\/\/www.despachantedok.com.br\/blog\/#website","url":"https:\/\/www.despachantedok.com.br\/blog\/","name":"Acesse o Blog e conhe\u00e7a todos os nossos artigos | DOK Despachante","description":"Fique por dentro de artigos sobre o tr\u00e2nsito brasileiro! Conhe\u00e7a informa\u00e7\u00f5es sobre licenciamento, ipva, multas e muito mais. Acesse agora o Blog do DOK!","publisher":{"@id":"https:\/\/www.despachantedok.com.br\/blog\/#organization"},"alternateName":"Blog do DOK","potentialAction":[{"@type":"SearchAction","target":{"@type":"EntryPoint","urlTemplate":"https:\/\/www.despachantedok.com.br\/blog\/?s={search_term_string}"},"query-input":{"@type":"PropertyValueSpecification","valueRequired":true,"valueName":"search_term_string"}}],"inLanguage":"pt-BR"},{"@type":"Organization","@id":"https:\/\/www.despachantedok.com.br\/blog\/#organization","name":"DOK Despachante","alternateName":"DOK","url":"https:\/\/www.despachantedok.com.br\/blog\/","logo":{"@type":"ImageObject","inLanguage":"pt-BR","@id":"https:\/\/www.despachantedok.com.br\/blog\/#\/schema\/logo\/image\/","url":"https:\/\/assets.despachantedok.com.br\/blog\/wp-content\/uploads\/2024\/01\/logo-dok_novo_blog.svg","contentUrl":"https:\/\/assets.despachantedok.com.br\/blog\/wp-content\/uploads\/2024\/01\/logo-dok_novo_blog.svg","width":284,"height":131,"caption":"DOK Despachante"},"image":{"@id":"https:\/\/www.despachantedok.com.br\/blog\/#\/schema\/logo\/image\/"},"sameAs":["https:\/\/facebook.com\/DOKDespachante\/"],"address":{"@type":"PostalAddress","streetAddress":"Pra\u00e7a Frank Speers, 12","addressLocality":"Sorocaba","addressRegion":"SP","postalCode":"18095-020","addressCountry":"BR"},"email":"fale@despachantedok.com.br","telephone":"551530422030","legalName":"DOK Servi\u00e7os de Pagamentos Ltda.","vatID":"27.838.743\/0001-91"},{"@type":"Person","@id":"https:\/\/www.despachantedok.com.br\/blog\/#\/schema\/person\/5716ff88f65b0d34cfaf39e01bbcabe9","name":"Redator DOK","description":"O Redator \u00e9 a equipe de produ\u00e7\u00e3o do DOK, formada por redatores especialistas em marketing, jornalismo, letras e outras \u00e1reas. Nossos artigos s\u00e3o escritos com base em fontes oficiais, como o Detran, CTB, SENATRAN e Sefaz, para oferecer informa\u00e7\u00f5es relevantes e atualizadas aos motoristas de todo o Brasil. Em nossos artigos, tamb\u00e9m \u00e9 poss\u00edvel conhecer todos os servi\u00e7os disponibilizados pelo DOK Despachante, como consultas e pagamentos facilitados para licenciamento, IPVA, multas, entre outros.\u00a0","sameAs":["https:\/\/www.despachantedok.com.br","https:\/\/www.facebook.com\/DOKDespachante","https:\/\/www.instagram.com\/dokdespachante\/","https:\/\/pt.linkedin.com\/company\/dok-despachante","https:\/\/www.youtube.com\/channel\/UCkbHiCyqjaaxwiPKB4ysl4A"],"url":"https:\/\/www.despachantedok.com.br\/blog\/author\/dok\/"},{"@type":"Question","@id":"https:\/\/www.despachantedok.com.br\/blog\/veiculo\/bagageiro-de-teto\/#faq-question-1701964243496","position":1,"url":"https:\/\/www.despachantedok.com.br\/blog\/veiculo\/bagageiro-de-teto\/#faq-question-1701964243496","name":"\u00c9 permitido bagageiro de teto?","answerCount":1,"acceptedAnswer":{"@type":"Answer","text":"Sim, o bagageiro de teto \u00e9 permitido. Este acess\u00f3rio, usado para transportar cargas como equipamentos esportivos, caixas e bagagens grandes, pode ser utilizado em todo o territ\u00f3rio brasileiro. No entanto, o fabricante do ve\u00edculo deve deixar claro no manual de uso as condi\u00e7\u00f5es de peso, altura, tamanho e tipo de carga.","inLanguage":"pt-BR"},"inLanguage":"pt-BR"},{"@type":"Question","@id":"https:\/\/www.despachantedok.com.br\/blog\/veiculo\/bagageiro-de-teto\/#faq-question-1701964244407","position":2,"url":"https:\/\/www.despachantedok.com.br\/blog\/veiculo\/bagageiro-de-teto\/#faq-question-1701964244407","name":"Pode carregar escada no bagageiro de teto?","answerCount":1,"acceptedAnswer":{"@type":"Answer","text":"As leis de carregamento de escada no bagageiro de teto est\u00e3o sendo revistas e, no momento, essa pr\u00e1tica s\u00f3 \u00e9 permitida em determinados modelos de carros e com cargas que n\u00e3o ultrapassem as dimens\u00f5es indicadas pelo C\u00f3digo de Tr\u00e2nsito Brasileiro. Qualquer irregularidade pode gerar uma multa e a adi\u00e7\u00e3o de pontos na Carteira Nacional de Habilita\u00e7\u00e3o.","inLanguage":"pt-BR"},"inLanguage":"pt-BR"},{"@type":"Question","@id":"https:\/\/www.despachantedok.com.br\/blog\/veiculo\/bagageiro-de-teto\/#faq-question-1701964244984","position":3,"url":"https:\/\/www.despachantedok.com.br\/blog\/veiculo\/bagageiro-de-teto\/#faq-question-1701964244984","name":"O que \u00e9 um bagageiro de teto?","answerCount":1,"acceptedAnswer":{"@type":"Answer","text":"\u00c9 um acess\u00f3rio que deve ser fixado na parte superior de um carro para proporcionar chances de transporte de objetos que n\u00e3o cabem no ambiente interno dos ve\u00edculos tradicionais. \u00c9 muito comum para viajantes que tenham pequenos caiaques, bicicletas, pranchas de surf ou cargas e bagagens maiores.","inLanguage":"pt-BR"},"inLanguage":"pt-BR"}]}},"author_meta":{"display_name":"Redator DOK","author_link":"https:\/\/www.despachantedok.com.br\/blog\/author\/dok\/"},"featured_img":"https:\/\/assets.despachantedok.com.br\/blog\/wp-content\/uploads\/2023\/12\/capa-saiba-como-funciona-e-como-colocar-bagageiro-de-teto-dok-300x137.jpg","coauthors":[],"tax_additional":{"categories":{"linked":["<a href=\"https:\/\/www.despachantedok.com.br\/blog\/categoria\/veiculo\/\" class=\"advgb-post-tax-term\">Ve\u00edculos<\/a>"],"unlinked":["<span class=\"advgb-post-tax-term\">Ve\u00edculos<\/span>"]}},"comment_count":"2","relative_dates":{"created":"Publicado 2 anos atr\u00e1s","modified":"Atualizado 2 anos atr\u00e1s"},"absolute_dates":{"created":"Publicado em dezembro 8, 2023","modified":"Atualizado em mar\u00e7o 22, 2024"},"absolute_dates_time":{"created":"Publicado em dezembro 8, 2023 3:09 pm","modified":"Atualizado em mar\u00e7o 22, 2024 1:26 pm"},"featured_img_caption":"","series_order":"","_links":{"self":[{"href":"https:\/\/www.despachantedok.com.br\/blog\/wp-json\/wp\/v2\/posts\/22169","targetHints":{"allow":["GET"]}}],"collection":[{"href":"https:\/\/www.despachantedok.com.br\/blog\/wp-json\/wp\/v2\/posts"}],"about":[{"href":"https:\/\/www.despachantedok.com.br\/blog\/wp-json\/wp\/v2\/types\/post"}],"author":[{"embeddable":true,"href":"https:\/\/www.despachantedok.com.br\/blog\/wp-json\/wp\/v2\/users\/4"}],"replies":[{"embeddable":true,"href":"https:\/\/www.despachantedok.com.br\/blog\/wp-json\/wp\/v2\/comments?post=22169"}],"version-history":[{"count":12,"href":"https:\/\/www.despachantedok.com.br\/blog\/wp-json\/wp\/v2\/posts\/22169\/revisions"}],"predecessor-version":[{"id":25538,"href":"https:\/\/www.despachantedok.com.br\/blog\/wp-json\/wp\/v2\/posts\/22169\/revisions\/25538"}],"wp:featuredmedia":[{"embeddable":true,"href":"https:\/\/www.despachantedok.com.br\/blog\/wp-json\/wp\/v2\/media\/22208"}],"wp:attachment":[{"href":"https:\/\/www.despachantedok.com.br\/blog\/wp-json\/wp\/v2\/media?parent=22169"}],"wp:term":[{"taxonomy":"category","embeddable":true,"href":"https:\/\/www.despachantedok.com.br\/blog\/wp-json\/wp\/v2\/categories?post=22169"},{"taxonomy":"post_tag","embeddable":true,"href":"https:\/\/www.despachantedok.com.br\/blog\/wp-json\/wp\/v2\/tags?post=22169"}],"curies":[{"name":"wp","href":"https:\/\/api.w.org\/{rel}","templated":true}]}}