{"id":19074,"date":"2023-03-01T09:30:00","date_gmt":"2023-03-01T12:30:00","guid":{"rendered":"https:\/\/www.despachantedok.com.br\/blog\/?p=19074"},"modified":"2024-06-14T13:38:55","modified_gmt":"2024-06-14T16:38:55","slug":"volkswagen-voyage","status":"publish","type":"post","link":"https:\/\/www.despachantedok.com.br\/blog\/veiculo\/volkswagen-voyage\/","title":{"rendered":"Volkswagen Voyage se despede ap\u00f3s mais de 40 anos de hist\u00f3ria"},"content":{"rendered":"\n<p>Salve, Motorista! Prepare-se que vem not\u00edcia triste: o Volkswagen Voyage vai sair de linha e encerra sua hist\u00f3ria depois de mais de 40 anos circulando por a\u00ed. Fique no artigo e entenda os motivos por tr\u00e1s da decis\u00e3o e relembre a trajet\u00f3ria do sed\u00e3 de maior sucesso no Brasil.&nbsp;&nbsp;<\/p>\n\n\n\n<figure class=\"wp-block-embed is-type-video is-provider-youtube wp-block-embed-youtube wp-embed-aspect-16-9 wp-has-aspect-ratio\"><div class=\"wp-block-embed__wrapper\">\n<iframe title=\"Voyage vai sair de linha \ud83d\ude2d\" width=\"1147\" height=\"645\" src=\"https:\/\/www.youtube.com\/embed\/_bSdKk8Sx3E?feature=oembed\" frameborder=\"0\" allow=\"accelerometer; autoplay; clipboard-write; encrypted-media; gyroscope; picture-in-picture; web-share\" referrerpolicy=\"strict-origin-when-cross-origin\" allowfullscreen><\/iframe>\n<\/div><\/figure>\n\n\n\n<h2 class=\"wp-block-heading\" id=\"h-o-sucesso-do-volkswagen-voyage\">O sucesso do Volkswagen Voyage&nbsp;<\/h2>\n\n\n\n<p>Com mais de 1 milh\u00e3o de unidades vendidas e merecedor do t\u00edtulo de sed\u00e3 compacto de maior qualidade e conforto da categoria, o Voyage foi lan\u00e7ado em 1981 pela Volkswagen, eleito como o carro do ano em 82 e produzido em terras tupiniquins at\u00e9 1994. <\/p>\n\n\n\n<p>J\u00e1 em 1995, o sed\u00e3 passa a ser produzido apenas na Argentina.&nbsp;O Voyage teve sua produ\u00e7\u00e3o paralisada por 13 anos, deixando \u00f3rf\u00e3os os grandes f\u00e3s do carro, por\u00e9m retornando ao mercado apenas em 2008. <\/p>\n\n\n\n<p>Essa lacuna, apesar de durar mais de uma d\u00e9cada, n\u00e3o foi suficiente para apagar a hist\u00f3ria e o sucesso do ve\u00edculo.&nbsp;<\/p>\n\n\n\n<p>Afinal, logo ap\u00f3s seu retorno, o autom\u00f3vel performa como jogador caro, dispara na frente da concorr\u00eancia e conquista por muito tempo n\u00e3o s\u00f3 os rankings de mais vendidos \u2013 mas tamb\u00e9m de <a href=\"https:\/\/www.despachantedok.com.br\/blog\/seguro\/carros-mais-roubados\/\" target=\"_blank\" rel=\"noreferrer noopener\">carro mais roubado<\/a>.&nbsp;&nbsp;<\/p>\n\n\n\n<p>Por isso, se voc\u00ea tem um Voyage, j\u00e1 sabe, n\u00e9? Melhor proteg\u00ea-lo e n\u00e3o correr riscos: cote j\u00e1 seu plano de seguro auto com o <a href=\"https:\/\/www.despachantedok.com.br\/blog\/novidades-dok\/dok-seguros\/\" target=\"_blank\" rel=\"noreferrer noopener\">DOK Seguros.<\/a>&nbsp;&nbsp;<\/p>\n\n\n\n<div class=\"tempb-segundo\" style=\"text-align: center;\" id=\"tempb-3902756100\"><div id=\"tempb-249274680\"><a href=\"https:\/\/www.despachantedok.com.br\/?utm_source=blog&#038;utm_medium=banner&#038;utm_campaign=geral\" aria-label=\"consulte o valor oficial do ipva 2026\"><img src=\"https:\/\/assets.despachantedok.com.br\/blog\/wp-content\/uploads\/2025\/12\/03_720x300.jpg\" alt=\"consulte o valor oficial do ipva 2026\"  srcset=\"https:\/\/assets.despachantedok.com.br\/blog\/wp-content\/uploads\/2025\/12\/03_720x300.jpg 720w, https:\/\/assets.despachantedok.com.br\/blog\/wp-content\/uploads\/2025\/12\/03_720x300-300x125.jpg 300w, https:\/\/assets.despachantedok.com.br\/blog\/wp-content\/uploads\/2025\/12\/03_720x300-150x63.jpg 150w\" sizes=\"(max-width: 720px) 100vw, 720px\" width=\"720\" height=\"300\"   \/><\/a><\/div><\/div><h2 class=\"wp-block-heading\" id=\"h-por-que-o-voyage-vai-sair-de-linha\">Por que o Voyage vai sair de linha?&nbsp;<\/h2>\n\n\n\n<p>Nos \u00faltimos anos, o que tem agradado de fato os consumidores s\u00e3o os SUVs compactos, por isso, carros <a href=\"https:\/\/www.despachantedok.com.br\/blog\/veiculo\/sedan-ou-hatch\/\" target=\"_blank\" rel=\"noreferrer noopener\">sedan ou hatch<\/a> v\u00eam perdendo espa\u00e7o no mercado com quedas no registro de novos emplacamentos, segundo a Febranave (Federa\u00e7\u00e3o Nacional da Distribui\u00e7\u00e3o de Ve\u00edculos Automotores).&nbsp;&nbsp;<\/p>\n\n\n\n<p>Al\u00e9m disso, o Volkswagen Voyage j\u00e1 conta com mais de quatro d\u00e9cadas de exist\u00eancia, \u00e9 um projeto antigo, desatualizado quando comparado aos concorrentes, sem controle de estabilidade, nem de tra\u00e7\u00e3o e com apenas dois airbags frontais.&nbsp;&nbsp;<\/p>\n\n\n\n<p>Dessa forma, assim como o <a href=\"https:\/\/www.despachantedok.com.br\/blog\/veiculo\/gol-sai-de-linha\/\" target=\"_blank\" rel=\"noreferrer noopener\">Gol que tamb\u00e9m vai sair de linha<\/a>, o Voyage fica para tr\u00e1s e tem sua produ\u00e7\u00e3o encerrada agora em 2023. <\/p>\n\n\n\n<p>Principalmente, por ser incompat\u00edvel com as novas normas de seguran\u00e7a e quedas consecutivas nas vendas. O <a href=\"https:\/\/www.despachantedok.com.br\/blog\/veiculo\/volkswagen-virtus\/\" target=\"_blank\" rel=\"noreferrer noopener\">Virtus<\/a> assume o posto de sed\u00e3 mais acess\u00edvel da VW.&nbsp;&nbsp;<\/p>\n\n\n\n<div class=\"wp-block-image\"><figure class=\"aligncenter size-large\"><img decoding=\"async\" width=\"364\" height=\"1024\" src=\"https:\/\/assets.despachantedok.com.br\/blog\/wp-content\/uploads\/2023\/02\/Dok_Voyage_Infografico-1-1-1-364x1024.png\" alt=\"Infogr\u00e1fico vers\u00f5es e modelos do Volkswagen Voyage | DOK\" class=\"wp-image-19126\" srcset=\"https:\/\/assets.despachantedok.com.br\/blog\/wp-content\/uploads\/2023\/02\/Dok_Voyage_Infografico-1-1-1-364x1024.png 364w, https:\/\/assets.despachantedok.com.br\/blog\/wp-content\/uploads\/2023\/02\/Dok_Voyage_Infografico-1-1-1-107x300.png 107w, https:\/\/assets.despachantedok.com.br\/blog\/wp-content\/uploads\/2023\/02\/Dok_Voyage_Infografico-1-1-1-181x508.png 181w, https:\/\/assets.despachantedok.com.br\/blog\/wp-content\/uploads\/2023\/02\/Dok_Voyage_Infografico-1-1-1-150x422.png 150w, https:\/\/assets.despachantedok.com.br\/blog\/wp-content\/uploads\/2023\/02\/Dok_Voyage_Infografico-1-1-1.png 405w\" sizes=\"(max-width: 364px) 100vw, 364px\" \/><figcaption>Infogr\u00e1fico feito por Gabriel Rodrigues | DOK Despachante<\/figcaption><\/figure><\/div>\n\n\n\n<hr class=\"wp-block-separator\"\/>\n\n\n\n<h2 class=\"wp-block-heading\" id=\"h-saiba-mais-curiosidades-sobre-ve-culos\">Saiba mais curiosidades sobre ve\u00edculos&nbsp;<\/h2>\n\n\n\n<p>Ei, Motorista! Se voc\u00ea chegou at\u00e9 aqui, achamos que tamb\u00e9m vai precisar saber disso. Confira:&nbsp;<\/p>\n\n\n\n<div class=\"wp-block-advgb-list\"><ul class=\"advgblist-5acd955d-5134-46d8-aea2-24a4315eb438 advgb-list advgb-list-admin-post\"><li><a href=\"https:\/\/www.despachantedok.com.br\/blog\/veiculo\/apreensao-de-veiculo\/\" target=\"_blank\" rel=\"noreferrer noopener\">Apreens\u00e3o de ve\u00edculo: entenda tudo sobre a nova lei<\/a>\u00a0<\/li>\n<li><a href=\"https:\/\/www.despachantedok.com.br\/blog\/veiculo\/luzes-do-painel\/\" target=\"_blank\" rel=\"noreferrer noopener\">Luzes do Painel: o guia completo para entender o seu carro<\/a>\u00a0<\/li>\n<li><a href=\"https:\/\/www.despachantedok.com.br\/blog\/veiculo\/carros-gurgel\/\" target=\"_blank\" rel=\"noreferrer noopener\">Entenda tudo sobre o Carro Gurgel, a marca brasileira de ve\u00edculos desapareceu do mercado<\/a>\u00a0<\/li>\n<\/ul><\/div>\n\n\n\n<hr class=\"wp-block-separator\"\/>\n\n\n\n<h2 class=\"wp-block-heading\" id=\"h-vers-es-do-volkswagen-voyage-que-marcaram-hist-ria\">Vers\u00f5es do Volkswagen Voyage que marcaram hist\u00f3ria&nbsp;<\/h2>\n\n\n\n<p>Com tanto tempo de estrada, \u00e9 \u00f3bvio que o Voyage precisou mudar ao longo de sua trajet\u00f3ria. Al\u00e9m de ter a produ\u00e7\u00e3o interrompida entre 1996 e 2007, o carro contou com v\u00e1rios facelifts (atualiza\u00e7\u00e3o de componentes e visual do carro).&nbsp;&nbsp;<\/p>\n\n\n\n<p>E j\u00e1 que os <a href=\"https:\/\/www.despachantedok.com.br\/blog\/veiculo\/carros-da-volkswagen\/\" target=\"_blank\" rel=\"noreferrer noopener\">carros Volkswagen<\/a> Voyage v\u00e3o sair de linha, confira as principais vers\u00f5es desse cl\u00e1ssico, a seguir:\u00a0<\/p>\n\n\n\n<h3 class=\"wp-block-heading\" id=\"h-voyage-s-ls-e-gls\">Voyage S, LS e GLS&nbsp;<\/h3>\n\n\n\n<p>Com a parte mec\u00e2nica herdada do Passat, motor 1.5, o Voyage foi o primeiro Volkswagen com refrigera\u00e7\u00e3o a \u00e1gua. Lan\u00e7ado em 1981, inovou dentro das cl\u00e1ssicas linhas caracter\u00edsticas das d\u00e9cadas de 70 e 80.&nbsp;&nbsp;<\/p>\n\n\n\n<figure class=\"wp-block-image size-large\"><img decoding=\"async\" width=\"563\" height=\"375\" src=\"https:\/\/assets.despachantedok.com.br\/blog\/wp-content\/uploads\/2023\/02\/volkswagen-voyage-s.jpg\" alt=\"Volkswagen Voyage S bege | DOK Despachante\n\" class=\"wp-image-19080\" srcset=\"https:\/\/assets.despachantedok.com.br\/blog\/wp-content\/uploads\/2023\/02\/volkswagen-voyage-s.jpg 563w, https:\/\/assets.despachantedok.com.br\/blog\/wp-content\/uploads\/2023\/02\/volkswagen-voyage-s-300x200.jpg 300w, https:\/\/assets.despachantedok.com.br\/blog\/wp-content\/uploads\/2023\/02\/volkswagen-voyage-s-150x100.jpg 150w\" sizes=\"(max-width: 563px) 100vw, 563px\" \/><figcaption>Volkswagen Voyage S | Reprodu\u00e7\u00e3o: The Garage<\/figcaption><\/figure>\n\n\n\n<h3 class=\"wp-block-heading\" id=\"h-voyage-plus\">Voyage Plus&nbsp;&nbsp;<\/h3>\n\n\n\n<p>O Voyage Plus teve o motor mais potente produzido at\u00e9 ent\u00e3o pela VW, foi equipado com far\u00f3is de neblina, detalhes do para-choque na mesma cor do carro, al\u00e9m de calotas especiais.&nbsp;&nbsp;<\/p>\n\n\n\n<p>Lan\u00e7ado em 1983, esse Voyage foi um modelo com quatro portas e, por isso, rejeitado pela popula\u00e7\u00e3o brasileira que preferiu carros com duas portas at\u00e9 meados da d\u00e9cada de 90.&nbsp;&nbsp;&nbsp;<\/p>\n\n\n\n<figure class=\"wp-block-image size-large\"><img decoding=\"async\" width=\"574\" height=\"360\" src=\"https:\/\/assets.despachantedok.com.br\/blog\/wp-content\/uploads\/2023\/02\/volkswagen-voyage-plus-vermelho.jpg\" alt=\"Volkswagen Voyage Plus vermelho | DOK Despachante\" class=\"wp-image-19082\" srcset=\"https:\/\/assets.despachantedok.com.br\/blog\/wp-content\/uploads\/2023\/02\/volkswagen-voyage-plus-vermelho.jpg 574w, https:\/\/assets.despachantedok.com.br\/blog\/wp-content\/uploads\/2023\/02\/volkswagen-voyage-plus-vermelho-300x188.jpg 300w, https:\/\/assets.despachantedok.com.br\/blog\/wp-content\/uploads\/2023\/02\/volkswagen-voyage-plus-vermelho-150x94.jpg 150w\" sizes=\"(max-width: 574px) 100vw, 574px\" \/><figcaption>Volkswagen Voyage Plus | Reprodu\u00e7\u00e3o: OLX<\/figcaption><\/figure>\n\n\n\n<h3 class=\"wp-block-heading\" id=\"h-voyage-los-angeles\">Voyage Los Angeles&nbsp;&nbsp;<\/h3>\n\n\n\n<p>O modelo mais raro, e item de colecionador hoje em dia, o Voyage Los Angeles foi uma edi\u00e7\u00e3o comemorativa em homenagem aos jogos ol\u00edmpicos de Los Angeles de 1984. <\/p>\n\n\n\n<p>Dispon\u00edvel em cor \u00fanica, seu azul exclusivo foi rotulado como muito chamativo pelos consumidores e acabou n\u00e3o fazendo muito sucesso na \u00e9poca.&nbsp;&nbsp;<\/p>\n\n\n\n<figure class=\"wp-block-image size-large\"><img decoding=\"async\" width=\"659\" height=\"419\" src=\"https:\/\/assets.despachantedok.com.br\/blog\/wp-content\/uploads\/2023\/02\/volkswagen-voyage-los-angeles.jpg\" alt=\"Voyage Los Angeles 1984 | DOK Despachante\" class=\"wp-image-19083\" srcset=\"https:\/\/assets.despachantedok.com.br\/blog\/wp-content\/uploads\/2023\/02\/volkswagen-voyage-los-angeles.jpg 659w, https:\/\/assets.despachantedok.com.br\/blog\/wp-content\/uploads\/2023\/02\/volkswagen-voyage-los-angeles-300x191.jpg 300w, https:\/\/assets.despachantedok.com.br\/blog\/wp-content\/uploads\/2023\/02\/volkswagen-voyage-los-angeles-150x95.jpg 150w\" sizes=\"(max-width: 659px) 100vw, 659px\" \/><figcaption>Voyage Los Angeles | Reprodu\u00e7\u00e3o: Car Throttle <\/figcaption><\/figure>\n\n\n\n<h3 class=\"wp-block-heading\" id=\"h-super-voyage\">Super Voyage<\/h3>\n\n\n\n<p>O primeiro Voyage a ter c\u00e2mbio de cinco marchas, o Voyage Super, lan\u00e7ado em 1986, contava com ar-condicionado, vers\u00e3o duas ou quatro portas, al\u00e9m de motor 1.8. <\/p>\n\n\n\n<p>O carro foi marcado pela sua arrancada que chegava de 0 a 100 km\/h em 11,4 segundos e atingia at\u00e9 166 km\/h. Foi, sem d\u00favidas, um dos carros mais velozes da d\u00e9cada de 80.&nbsp;<\/p>\n\n\n\n<figure class=\"wp-block-image size-large is-resized\"><img decoding=\"async\" src=\"https:\/\/assets.despachantedok.com.br\/blog\/wp-content\/uploads\/2023\/02\/volkswagen-voyage-super.jpg\" alt=\"Volkswagen Voyage Super na cor bege | DOK Despachante\" class=\"wp-image-19084\" width=\"469\" height=\"375\" srcset=\"https:\/\/assets.despachantedok.com.br\/blog\/wp-content\/uploads\/2023\/02\/volkswagen-voyage-super.jpg 360w, https:\/\/assets.despachantedok.com.br\/blog\/wp-content\/uploads\/2023\/02\/volkswagen-voyage-super-300x240.jpg 300w, https:\/\/assets.despachantedok.com.br\/blog\/wp-content\/uploads\/2023\/02\/volkswagen-voyage-super-150x120.jpg 150w\" sizes=\"(max-width: 469px) 100vw, 469px\" \/><figcaption>Voyage Super | Reprodu\u00e7\u00e3o: OLX<\/figcaption><\/figure>\n\n\n\n<h3 class=\"wp-block-heading\" id=\"h-volkswagen-voyage-sport\">Volkswagen Voyage Sport&nbsp;&nbsp;<\/h3>\n\n\n\n<p>A \u00fanica vers\u00e3o do Voyage realmente esportiva, o Voyage Sport tinha visual discreto, por\u00e9m mec\u00e2nica apimentada para continuar vivo no mercado e se consolidar no segmento do esporte fino.&nbsp;&nbsp;<\/p>\n\n\n\n<p>Esse ve\u00edculo, lan\u00e7ado em 1994, contava com bancos anat\u00f4micos Recaro, painel especial, rodas de liga leve e volante com acabamento em couro estilo quatro bolas.&nbsp;&nbsp;<\/p>\n\n\n\n<figure class=\"wp-block-image size-large\"><img decoding=\"async\" width=\"640\" height=\"480\" src=\"https:\/\/assets.despachantedok.com.br\/blog\/wp-content\/uploads\/2023\/02\/volkswagen-voyage-sport.jpg\" alt=\"Volkswagen Voyage Sport preto | DOK Despachante\" class=\"wp-image-19085\" srcset=\"https:\/\/assets.despachantedok.com.br\/blog\/wp-content\/uploads\/2023\/02\/volkswagen-voyage-sport.jpg 640w, https:\/\/assets.despachantedok.com.br\/blog\/wp-content\/uploads\/2023\/02\/volkswagen-voyage-sport-300x225.jpg 300w, https:\/\/assets.despachantedok.com.br\/blog\/wp-content\/uploads\/2023\/02\/volkswagen-voyage-sport-150x113.jpg 150w\" sizes=\"(max-width: 640px) 100vw, 640px\" \/><figcaption>Volkswagen Voyage Sport | Reprodu\u00e7\u00e3o: Mercado Livre<\/figcaption><\/figure>\n\n\n\n<h3 class=\"wp-block-heading\" id=\"h-novo-voyage\">Novo Voyage&nbsp;&nbsp;<\/h3>\n\n\n\n<p>O retorno do Voyage ao mercado! O sed\u00e3 compacto de maior sucesso no Brasil reestreia em 2008 com o motor transversal do seu primo Gol e em quatro vers\u00f5es: 1.0, 1.6, 1.6 trend e 1.6 comfort line.&nbsp;&nbsp;<\/p>\n\n\n\n<p>O Novo Voyage contou com v\u00e1rias reestiliza\u00e7\u00f5es ao longo dos anos para manter o f\u00f4lego nas vendas: a primeira, j\u00e1 em 2012, quando \u00e9 equipado com os far\u00f3is do <a href=\"https:\/\/www.despachantedok.com.br\/blog\/veiculo\/volkswagen-fox\/\" target=\"_blank\" rel=\"noreferrer noopener\">FOX<\/a>; em 2014, com a bel\u00edssima vers\u00e3o Evidence; em 2016, com pequenas altera\u00e7\u00f5es externas; e em 2019, com c\u00e2mbio autom\u00e1tico de seis marchas.&nbsp;&nbsp;<\/p>\n\n\n\n<figure class=\"wp-block-image size-large\"><img decoding=\"async\" width=\"562\" height=\"375\" src=\"https:\/\/assets.despachantedok.com.br\/blog\/wp-content\/uploads\/2023\/02\/volkswagen-voyage-evidence.jpg\" alt=\"Novo Voyage Evidence branco | DOK Despachante\" class=\"wp-image-19086\" srcset=\"https:\/\/assets.despachantedok.com.br\/blog\/wp-content\/uploads\/2023\/02\/volkswagen-voyage-evidence.jpg 562w, https:\/\/assets.despachantedok.com.br\/blog\/wp-content\/uploads\/2023\/02\/volkswagen-voyage-evidence-300x200.jpg 300w, https:\/\/assets.despachantedok.com.br\/blog\/wp-content\/uploads\/2023\/02\/volkswagen-voyage-evidence-150x100.jpg 150w\" sizes=\"(max-width: 562px) 100vw, 562px\" \/><figcaption>Novo Voyage Evidence | Reprodu\u00e7\u00e3o: iCarros<\/figcaption><\/figure>\n\n\n\n<h2 class=\"wp-block-heading\" id=\"h-carro-voyage-paga-ipva\">Carro Voyage paga IPVA?&nbsp;<\/h2>\n\n\n\n<p>O Volkswagen Voyage pode ou n\u00e3o estar sujeito \u00e0 cobran\u00e7a de IPVA dependendo do ano que foi fabricado e do estado no qual \u00e9 registrado.&nbsp;&nbsp;<\/p>\n\n\n\n<p>Em S\u00e3o Paulo e no Paran\u00e1, os Voyages fabricados at\u00e9 2002, n\u00e3o t\u00eam cobran\u00e7a de IPVA. Para saber se o seu Voyage paga ou n\u00e3o IPVA, consulte a legisla\u00e7\u00e3o do imposto da sua unidade federativa e consulte a situa\u00e7\u00e3o do seu ve\u00edculo no <a href=\"https:\/\/www.despachantedok.com.br\/\">site do DOK<\/a>. <\/p>\n\n\n\n<h2 class=\"wp-block-heading\" id=\"h-conclus-o\">Conclus\u00e3o&nbsp;&nbsp;<\/h2>\n\n\n\n<p>Carro do cora\u00e7\u00e3o de muitos brasileiros, o Voyage certamente foi um ve\u00edculo que marcou hist\u00f3ria e gera\u00e7\u00f5es, sendo considerado um dos carros mais r\u00e1pidos da d\u00e9cada de 80 e tamb\u00e9m campe\u00e3o em vendas nos anos 2010. <\/p>\n\n\n\n<p>Neste artigo, voc\u00ea p\u00f4de relembrar os marcos do sucesso desse Volkswagem, bem como alguns detalhes das principais vers\u00f5es do Voyage. Al\u00e9m disso, tamb\u00e9m ficou por dentro dos motivos que levaram a Volkswagen a encerrar a produ\u00e7\u00e3o do sed\u00e3 e mais sobre a cobran\u00e7a e IPVA desse \u00edcone. <\/p>\n\n\n\n<p>A not\u00edcia de que o Voyage vai sair de linha com certeza entristece muitos f\u00e3s do modelo, mas e a\u00ed, voc\u00ea vai ficar com saudades dele?&nbsp;<\/p>\n\n\n\n<p>Quer saber quais ser\u00e3o os outros <a href=\"https:\/\/www.despachantedok.com.br\/blog\/veiculo\/carros-que-vao-sair-de-linha\/\" target=\"_blank\" rel=\"noreferrer noopener\">carros que v\u00e3o sair de linha<\/a> ou os <a href=\"https:\/\/www.despachantedok.com.br\/blog\/veiculo\/lancamentos-carros\/\" target=\"_blank\" rel=\"noreferrer noopener\">lan\u00e7amentos de 2023<\/a>? \u00c9 s\u00f3 acessar nosso <a href=\"https:\/\/www.despachantedok.com.br\/blog\/\" target=\"_blank\" rel=\"noreferrer noopener\">blog<\/a> ou canal do <a href=\"https:\/\/www.youtube.com\/channel\/UCkbHiCyqjaaxwiPKB4ysl4A\" target=\"_blank\" rel=\"noreferrer noopener\">YouTube<\/a>!&nbsp;<\/p>\n\n\n\n<p>Pensando em comprar o seu Voyage? Ent\u00e3o, primeiro, n\u00e3o se esque\u00e7a de consultar a situa\u00e7\u00e3o do documento do ve\u00edculo. Para isso, \u00e9 s\u00f3 acessar o <a href=\"https:\/\/www.despachantedok.com.br\/\">site do DOK<\/a> que, em pouqu\u00edssimos minutos, voc\u00ea descobrir\u00e1 de maneira gratuita, se o carro em negocia\u00e7\u00e3o est\u00e1 com a documenta\u00e7\u00e3o em dia!&nbsp;&nbsp;<\/p>\n\n\n\n<p>N\u00e3o perca nenhuma novidade do universo automobil\u00edstico e acompanhe nossas outras redes sociais: <a href=\"https:\/\/www.tiktok.com\/@despachantedok\" target=\"_blank\" rel=\"noreferrer noopener\">TikTok<\/a>, <a href=\"https:\/\/www.instagram.com\/dokdespachante\/\" target=\"_blank\" rel=\"noreferrer noopener\">Instagram<\/a>, <a href=\"https:\/\/www.facebook.com\/DOKDespachante\" target=\"_blank\" rel=\"noreferrer noopener\">Facebook<\/a> e <a href=\"https:\/\/br.linkedin.com\/company\/despachantedok\" target=\"_blank\" rel=\"noreferrer noopener\">LinkedIn<\/a>.\u202f&nbsp;&nbsp;&nbsp;<\/p>\n\n\n\n<p><span class=\"has-inline-color has-luminous-vivid-amber-color\"><strong>TAGS: <\/strong><em>fotos do carro voyage \/ volkswagen voyage antigo \/ carro voyage 2020 \/ volkswagen voyage 1.0<\/em>&nbsp;<\/span><\/p>\n\n\n\n<hr class=\"wp-block-separator\"\/>\n\n\n\n<h2 class=\"wp-block-heading\" id=\"h-perguntas-frequentes-sobre-volkswagen-voyage\">Perguntas frequentes sobre Volkswagen Voyage&nbsp;<\/h2>\n\n\n\n<div class=\"schema-faq wp-block-yoast-faq-block\"><div class=\"schema-faq-section\" id=\"faq-question-1676925143325\"><strong class=\"schema-faq-question\"><strong>Quantas vers\u00f5es teve o Volkswagen Voyage?<\/strong><\/strong> <p class=\"schema-faq-answer\">Com mais de 40 anos de hist\u00f3ria, o Voyage conta com mais de 12 vers\u00f5es com diferen\u00e7as n\u00e3o s\u00f3 est\u00e9ticas, mas tamb\u00e9m mec\u00e2nicas e de performance.\u00a0\u00a0<\/p> <\/div> <div class=\"schema-faq-section\" id=\"faq-question-1676925150876\"><strong class=\"schema-faq-question\"><strong>Quando foi lan\u00e7ado o Volkswagen Voyage?<\/strong><\/strong> <p class=\"schema-faq-answer\">O Volkswagen Voyage foi lan\u00e7ado em 1981 e tem sua produ\u00e7\u00e3o encerrada agora em 2023.\u00a0<\/p> <\/div> <div class=\"schema-faq-section\" id=\"faq-question-1676925159876\"><strong class=\"schema-faq-question\"><strong>Por que o Voyage vai sair de linha?<\/strong>\u00a0<\/strong> <p class=\"schema-faq-answer\">Com mais de quatro d\u00e9cadas de exist\u00eancia, o Volkswagen Voyage tem um projeto antigo, desatualizado e incompat\u00edvel com as novas normas de seguran\u00e7a. Al\u00e9m disso, nos \u00faltimos anos, o n\u00famero de novos emplacamentos s\u00f3 cai.<\/p> <\/div> <\/div>\n<style class=\"advgb-styles-renderer\">.wp-block-advgb-list ul.advgblist-5acd955d-5134-46d8-aea2-24a4315eb438 > li{font-size:16px;}.wp-block-advgb-list ul.advgblist-5acd955d-5134-46d8-aea2-24a4315eb438 > li{padding-left:18px;margin-left:0;}.wp-block-advgb-list ul.advgblist-5acd955d-5134-46d8-aea2-24a4315eb438 > li:before{font-size:16px;color:#ff0000;line-height:18px;margin:2px;padding:2px;margin-left:-20px}<\/style>","protected":false},"excerpt":{"rendered":"<p>Salve, Motorista! Prepare-se que vem not\u00edcia triste: o Volkswagen Voyage vai sair de linha e encerra sua hist\u00f3ria depois de mais de 40 anos circulando por a\u00ed. Fique no artigo e entenda os motivos por tr\u00e1s da decis\u00e3o e relembre a trajet\u00f3ria do sed\u00e3 de maior sucesso no Brasil.&nbsp;&nbsp; O sucesso do Volkswagen Voyage&nbsp; Com [&hellip;]<\/p>\n","protected":false},"author":9,"featured_media":19117,"comment_status":"open","ping_status":"open","sticky":false,"template":"","format":"standard","meta":{"advgb_blocks_editor_width":"","advgb_blocks_columns_visual_guide":"","_glsr_average":5,"_glsr_ranking":3.75,"_glsr_reviews":2,"lazy_load_responsive_images_disabled":false,"footnotes":""},"categories":[131],"tags":[],"class_list":["post-19074","post","type-post","status-publish","format-standard","has-post-thumbnail","hentry","category-veiculo"],"yoast_head":"<!-- This site is optimized with the Yoast SEO Premium plugin v26.0 (Yoast SEO v27.2) - https:\/\/yoast.com\/product\/yoast-seo-premium-wordpress\/ -->\n<title>Fim do Volkswagen Voyage: hist\u00f3ria, modelos, curiosidades | DOK<\/title>\n<meta name=\"description\" content=\"Despedida do Volkswagen Voyage: ap\u00f3s mais de 40 anos, o modelo saiu de linha em 2023. Relembre sua trajet\u00f3ria e descubra os motivos do fim!\" \/>\n<meta name=\"robots\" content=\"index, follow, max-snippet:-1, max-image-preview:large, max-video-preview:-1\" \/>\n<link rel=\"canonical\" href=\"https:\/\/www.despachantedok.com.br\/blog\/veiculo\/volkswagen-voyage\/\" \/>\n<meta property=\"og:locale\" content=\"pt_BR\" \/>\n<meta property=\"og:type\" content=\"article\" \/>\n<meta property=\"og:title\" content=\"Volkswagen Voyage se despede ap\u00f3s mais de 40 anos de hist\u00f3ria\" \/>\n<meta property=\"og:description\" content=\"Despedida do Volkswagen Voyage: ap\u00f3s mais de 40 anos, o modelo saiu de linha em 2023. Relembre sua trajet\u00f3ria e descubra os motivos do fim!\" \/>\n<meta property=\"og:url\" content=\"https:\/\/www.despachantedok.com.br\/blog\/veiculo\/volkswagen-voyage\/\" \/>\n<meta property=\"og:site_name\" content=\"Acesse o Blog e conhe\u00e7a todos os nossos artigos | DOK Despachante\" \/>\n<meta property=\"article:publisher\" content=\"https:\/\/facebook.com\/DOKDespachante\/\" \/>\n<meta property=\"article:published_time\" content=\"2023-03-01T12:30:00+00:00\" \/>\n<meta property=\"article:modified_time\" content=\"2024-06-14T16:38:55+00:00\" \/>\n<meta property=\"og:image\" content=\"https:\/\/assets.despachantedok.com.br\/blog\/wp-content\/uploads\/2023\/02\/Dok_Capa_Voyage-vai-sair-de-linha-2.jpg\" \/>\n\t<meta property=\"og:image:width\" content=\"556\" \/>\n\t<meta property=\"og:image:height\" content=\"254\" \/>\n\t<meta property=\"og:image:type\" content=\"image\/jpeg\" \/>\n<meta name=\"author\" content=\"Gregory Packs\" \/>\n<meta name=\"twitter:card\" content=\"summary_large_image\" \/>\n<meta name=\"twitter:label1\" content=\"Escrito por\" \/>\n\t<meta name=\"twitter:data1\" content=\"Gregory Packs\" \/>\n\t<meta name=\"twitter:label2\" content=\"Est. tempo de leitura\" \/>\n\t<meta name=\"twitter:data2\" content=\"8 minutos\" \/>\n<script type=\"application\/ld+json\" class=\"yoast-schema-graph\">{\"@context\":\"https:\/\/schema.org\",\"@graph\":[{\"@type\":\"Article\",\"@id\":\"https:\/\/www.despachantedok.com.br\/blog\/veiculo\/volkswagen-voyage\/#article\",\"isPartOf\":{\"@id\":\"https:\/\/www.despachantedok.com.br\/blog\/veiculo\/volkswagen-voyage\/\"},\"author\":{\"name\":\"Gregory Packs\",\"@id\":\"https:\/\/www.despachantedok.com.br\/blog\/#\/schema\/person\/6e41d0c1afe01aefd76c3ee23f914fea\"},\"headline\":\"Volkswagen Voyage se despede ap\u00f3s mais de 40 anos de hist\u00f3ria\",\"datePublished\":\"2023-03-01T12:30:00+00:00\",\"dateModified\":\"2024-06-14T16:38:55+00:00\",\"mainEntityOfPage\":{\"@id\":\"https:\/\/www.despachantedok.com.br\/blog\/veiculo\/volkswagen-voyage\/\"},\"wordCount\":1458,\"commentCount\":0,\"publisher\":{\"@id\":\"https:\/\/www.despachantedok.com.br\/blog\/#organization\"},\"image\":{\"@id\":\"https:\/\/www.despachantedok.com.br\/blog\/veiculo\/volkswagen-voyage\/#primaryimage\"},\"thumbnailUrl\":\"https:\/\/assets.despachantedok.com.br\/blog\/wp-content\/uploads\/2023\/02\/Dok_Capa_Voyage-vai-sair-de-linha-2.jpg\",\"articleSection\":[\"Ve\u00edculos\"],\"inLanguage\":\"pt-BR\",\"potentialAction\":[{\"@type\":\"CommentAction\",\"name\":\"Comment\",\"target\":[\"https:\/\/www.despachantedok.com.br\/blog\/veiculo\/volkswagen-voyage\/#respond\"]}]},{\"@type\":[\"WebPage\",\"FAQPage\"],\"@id\":\"https:\/\/www.despachantedok.com.br\/blog\/veiculo\/volkswagen-voyage\/\",\"url\":\"https:\/\/www.despachantedok.com.br\/blog\/veiculo\/volkswagen-voyage\/\",\"name\":\"Fim do Volkswagen Voyage: hist\u00f3ria, modelos, curiosidades | DOK\",\"isPartOf\":{\"@id\":\"https:\/\/www.despachantedok.com.br\/blog\/#website\"},\"primaryImageOfPage\":{\"@id\":\"https:\/\/www.despachantedok.com.br\/blog\/veiculo\/volkswagen-voyage\/#primaryimage\"},\"image\":{\"@id\":\"https:\/\/www.despachantedok.com.br\/blog\/veiculo\/volkswagen-voyage\/#primaryimage\"},\"thumbnailUrl\":\"https:\/\/assets.despachantedok.com.br\/blog\/wp-content\/uploads\/2023\/02\/Dok_Capa_Voyage-vai-sair-de-linha-2.jpg\",\"datePublished\":\"2023-03-01T12:30:00+00:00\",\"dateModified\":\"2024-06-14T16:38:55+00:00\",\"description\":\"Despedida do Volkswagen Voyage: ap\u00f3s mais de 40 anos, o modelo saiu de linha em 2023. Relembre sua trajet\u00f3ria e descubra os motivos do fim!\",\"breadcrumb\":{\"@id\":\"https:\/\/www.despachantedok.com.br\/blog\/veiculo\/volkswagen-voyage\/#breadcrumb\"},\"mainEntity\":[{\"@id\":\"https:\/\/www.despachantedok.com.br\/blog\/veiculo\/volkswagen-voyage\/#faq-question-1676925143325\"},{\"@id\":\"https:\/\/www.despachantedok.com.br\/blog\/veiculo\/volkswagen-voyage\/#faq-question-1676925150876\"},{\"@id\":\"https:\/\/www.despachantedok.com.br\/blog\/veiculo\/volkswagen-voyage\/#faq-question-1676925159876\"}],\"inLanguage\":\"pt-BR\",\"potentialAction\":[{\"@type\":\"ReadAction\",\"target\":[\"https:\/\/www.despachantedok.com.br\/blog\/veiculo\/volkswagen-voyage\/\"]}]},{\"@type\":\"ImageObject\",\"inLanguage\":\"pt-BR\",\"@id\":\"https:\/\/www.despachantedok.com.br\/blog\/veiculo\/volkswagen-voyage\/#primaryimage\",\"url\":\"https:\/\/assets.despachantedok.com.br\/blog\/wp-content\/uploads\/2023\/02\/Dok_Capa_Voyage-vai-sair-de-linha-2.jpg\",\"contentUrl\":\"https:\/\/assets.despachantedok.com.br\/blog\/wp-content\/uploads\/2023\/02\/Dok_Capa_Voyage-vai-sair-de-linha-2.jpg\",\"width\":556,\"height\":254,\"caption\":\"Capa de artigo sobre Volkswagen Voyage vai sair de linha | DOK\"},{\"@type\":\"BreadcrumbList\",\"@id\":\"https:\/\/www.despachantedok.com.br\/blog\/veiculo\/volkswagen-voyage\/#breadcrumb\",\"itemListElement\":[{\"@type\":\"ListItem\",\"position\":1,\"name\":\"Blog\",\"item\":\"https:\/\/www.despachantedok.com.br\/blog\/\"},{\"@type\":\"ListItem\",\"position\":2,\"name\":\"Ve\u00edculos\",\"item\":\"https:\/\/www.despachantedok.com.br\/blog\/categoria\/veiculo\/\"},{\"@type\":\"ListItem\",\"position\":3,\"name\":\"Volkswagen Voyage se despede ap\u00f3s mais de 40 anos de hist\u00f3ria\"}]},{\"@type\":\"WebSite\",\"@id\":\"https:\/\/www.despachantedok.com.br\/blog\/#website\",\"url\":\"https:\/\/www.despachantedok.com.br\/blog\/\",\"name\":\"Acesse o Blog e conhe\u00e7a todos os nossos artigos | DOK Despachante\",\"description\":\"Fique por dentro de artigos sobre o tr\u00e2nsito brasileiro! Conhe\u00e7a informa\u00e7\u00f5es sobre licenciamento, ipva, multas e muito mais. Acesse agora o Blog do DOK!\",\"publisher\":{\"@id\":\"https:\/\/www.despachantedok.com.br\/blog\/#organization\"},\"alternateName\":\"Blog do DOK\",\"potentialAction\":[{\"@type\":\"SearchAction\",\"target\":{\"@type\":\"EntryPoint\",\"urlTemplate\":\"https:\/\/www.despachantedok.com.br\/blog\/?s={search_term_string}\"},\"query-input\":{\"@type\":\"PropertyValueSpecification\",\"valueRequired\":true,\"valueName\":\"search_term_string\"}}],\"inLanguage\":\"pt-BR\"},{\"@type\":\"Organization\",\"@id\":\"https:\/\/www.despachantedok.com.br\/blog\/#organization\",\"name\":\"DOK Despachante\",\"alternateName\":\"DOK\",\"url\":\"https:\/\/www.despachantedok.com.br\/blog\/\",\"logo\":{\"@type\":\"ImageObject\",\"inLanguage\":\"pt-BR\",\"@id\":\"https:\/\/www.despachantedok.com.br\/blog\/#\/schema\/logo\/image\/\",\"url\":\"https:\/\/assets.despachantedok.com.br\/blog\/wp-content\/uploads\/2024\/01\/logo-dok_novo_blog.svg\",\"contentUrl\":\"https:\/\/assets.despachantedok.com.br\/blog\/wp-content\/uploads\/2024\/01\/logo-dok_novo_blog.svg\",\"width\":284,\"height\":131,\"caption\":\"DOK Despachante\"},\"image\":{\"@id\":\"https:\/\/www.despachantedok.com.br\/blog\/#\/schema\/logo\/image\/\"},\"sameAs\":[\"https:\/\/facebook.com\/DOKDespachante\/\"],\"address\":{\"@type\":\"PostalAddress\",\"streetAddress\":\"Pra\u00e7a Frank Speers, 12\",\"addressLocality\":\"Sorocaba\",\"addressRegion\":\"SP\",\"postalCode\":\"18095-020\",\"addressCountry\":\"BR\"},\"email\":\"fale@despachantedok.com.br\",\"telephone\":\"551530422030\",\"legalName\":\"DOK Servi\u00e7os de Pagamentos Ltda.\",\"vatID\":\"27.838.743\/0001-91\"},{\"@type\":\"Person\",\"@id\":\"https:\/\/www.despachantedok.com.br\/blog\/#\/schema\/person\/6e41d0c1afe01aefd76c3ee23f914fea\",\"name\":\"Gregory Packs\",\"description\":\"Formado em An\u00e1lise de Sistemas e Marketing Digital, Gregory Packs \u00e9 o fundador do DOK Despachante, o primeiro despachante online do estado de S\u00e3o Paulo. Com uma vis\u00e3o inovadora, ele revolucionou a maneira que as pessoas fazem seus documentos veiculares, disponibilizando uma plataforma 100% online que facilita e agiliza esse processo, oferecendo diversos servi\u00e7os de forma simples, segura e eficiente, como consulta e pagamento de licenciamento, IPVA, multas, entre outros. Atualmente, o DOK j\u00e1 atendeu mais de 200 mil motoristas e est\u00e1 sempre em busca de oferecer os melhores servi\u00e7os e experi\u00eancia aos seus clientes.\u00a0\",\"url\":\"https:\/\/www.despachantedok.com.br\/blog\/author\/gregory\/\"},{\"@type\":\"Question\",\"@id\":\"https:\/\/www.despachantedok.com.br\/blog\/veiculo\/volkswagen-voyage\/#faq-question-1676925143325\",\"position\":1,\"url\":\"https:\/\/www.despachantedok.com.br\/blog\/veiculo\/volkswagen-voyage\/#faq-question-1676925143325\",\"name\":\"Quantas vers\u00f5es teve o Volkswagen Voyage?\",\"answerCount\":1,\"acceptedAnswer\":{\"@type\":\"Answer\",\"text\":\"Com mais de 40 anos de hist\u00f3ria, o Voyage conta com mais de 12 vers\u00f5es com diferen\u00e7as n\u00e3o s\u00f3 est\u00e9ticas, mas tamb\u00e9m mec\u00e2nicas e de performance.\u00a0\u00a0\",\"inLanguage\":\"pt-BR\"},\"inLanguage\":\"pt-BR\"},{\"@type\":\"Question\",\"@id\":\"https:\/\/www.despachantedok.com.br\/blog\/veiculo\/volkswagen-voyage\/#faq-question-1676925150876\",\"position\":2,\"url\":\"https:\/\/www.despachantedok.com.br\/blog\/veiculo\/volkswagen-voyage\/#faq-question-1676925150876\",\"name\":\"Quando foi lan\u00e7ado o Volkswagen Voyage?\",\"answerCount\":1,\"acceptedAnswer\":{\"@type\":\"Answer\",\"text\":\"O Volkswagen Voyage foi lan\u00e7ado em 1981 e tem sua produ\u00e7\u00e3o encerrada agora em 2023.\u00a0\",\"inLanguage\":\"pt-BR\"},\"inLanguage\":\"pt-BR\"},{\"@type\":\"Question\",\"@id\":\"https:\/\/www.despachantedok.com.br\/blog\/veiculo\/volkswagen-voyage\/#faq-question-1676925159876\",\"position\":3,\"url\":\"https:\/\/www.despachantedok.com.br\/blog\/veiculo\/volkswagen-voyage\/#faq-question-1676925159876\",\"name\":\"Por que o Voyage vai sair de linha?\u00a0\",\"answerCount\":1,\"acceptedAnswer\":{\"@type\":\"Answer\",\"text\":\"Com mais de quatro d\u00e9cadas de exist\u00eancia, o Volkswagen Voyage tem um projeto antigo, desatualizado e incompat\u00edvel com as novas normas de seguran\u00e7a. Al\u00e9m disso, nos \u00faltimos anos, o n\u00famero de novos emplacamentos s\u00f3 cai.\",\"inLanguage\":\"pt-BR\"},\"inLanguage\":\"pt-BR\"}]}<\/script>\n<!-- \/ Yoast SEO Premium plugin. -->","yoast_head_json":{"title":"Fim do Volkswagen Voyage: hist\u00f3ria, modelos, curiosidades | DOK","description":"Despedida do Volkswagen Voyage: ap\u00f3s mais de 40 anos, o modelo saiu de linha em 2023. Relembre sua trajet\u00f3ria e descubra os motivos do fim!","robots":{"index":"index","follow":"follow","max-snippet":"max-snippet:-1","max-image-preview":"max-image-preview:large","max-video-preview":"max-video-preview:-1"},"canonical":"https:\/\/www.despachantedok.com.br\/blog\/veiculo\/volkswagen-voyage\/","og_locale":"pt_BR","og_type":"article","og_title":"Volkswagen Voyage se despede ap\u00f3s mais de 40 anos de hist\u00f3ria","og_description":"Despedida do Volkswagen Voyage: ap\u00f3s mais de 40 anos, o modelo saiu de linha em 2023. Relembre sua trajet\u00f3ria e descubra os motivos do fim!","og_url":"https:\/\/www.despachantedok.com.br\/blog\/veiculo\/volkswagen-voyage\/","og_site_name":"Acesse o Blog e conhe\u00e7a todos os nossos artigos | DOK Despachante","article_publisher":"https:\/\/facebook.com\/DOKDespachante\/","article_published_time":"2023-03-01T12:30:00+00:00","article_modified_time":"2024-06-14T16:38:55+00:00","og_image":[{"width":556,"height":254,"url":"https:\/\/assets.despachantedok.com.br\/blog\/wp-content\/uploads\/2023\/02\/Dok_Capa_Voyage-vai-sair-de-linha-2.jpg","type":"image\/jpeg"}],"author":"Gregory Packs","twitter_card":"summary_large_image","twitter_misc":{"Escrito por":"Gregory Packs","Est. tempo de leitura":"8 minutos"},"schema":{"@context":"https:\/\/schema.org","@graph":[{"@type":"Article","@id":"https:\/\/www.despachantedok.com.br\/blog\/veiculo\/volkswagen-voyage\/#article","isPartOf":{"@id":"https:\/\/www.despachantedok.com.br\/blog\/veiculo\/volkswagen-voyage\/"},"author":{"name":"Gregory Packs","@id":"https:\/\/www.despachantedok.com.br\/blog\/#\/schema\/person\/6e41d0c1afe01aefd76c3ee23f914fea"},"headline":"Volkswagen Voyage se despede ap\u00f3s mais de 40 anos de hist\u00f3ria","datePublished":"2023-03-01T12:30:00+00:00","dateModified":"2024-06-14T16:38:55+00:00","mainEntityOfPage":{"@id":"https:\/\/www.despachantedok.com.br\/blog\/veiculo\/volkswagen-voyage\/"},"wordCount":1458,"commentCount":0,"publisher":{"@id":"https:\/\/www.despachantedok.com.br\/blog\/#organization"},"image":{"@id":"https:\/\/www.despachantedok.com.br\/blog\/veiculo\/volkswagen-voyage\/#primaryimage"},"thumbnailUrl":"https:\/\/assets.despachantedok.com.br\/blog\/wp-content\/uploads\/2023\/02\/Dok_Capa_Voyage-vai-sair-de-linha-2.jpg","articleSection":["Ve\u00edculos"],"inLanguage":"pt-BR","potentialAction":[{"@type":"CommentAction","name":"Comment","target":["https:\/\/www.despachantedok.com.br\/blog\/veiculo\/volkswagen-voyage\/#respond"]}]},{"@type":["WebPage","FAQPage"],"@id":"https:\/\/www.despachantedok.com.br\/blog\/veiculo\/volkswagen-voyage\/","url":"https:\/\/www.despachantedok.com.br\/blog\/veiculo\/volkswagen-voyage\/","name":"Fim do Volkswagen Voyage: hist\u00f3ria, modelos, curiosidades | DOK","isPartOf":{"@id":"https:\/\/www.despachantedok.com.br\/blog\/#website"},"primaryImageOfPage":{"@id":"https:\/\/www.despachantedok.com.br\/blog\/veiculo\/volkswagen-voyage\/#primaryimage"},"image":{"@id":"https:\/\/www.despachantedok.com.br\/blog\/veiculo\/volkswagen-voyage\/#primaryimage"},"thumbnailUrl":"https:\/\/assets.despachantedok.com.br\/blog\/wp-content\/uploads\/2023\/02\/Dok_Capa_Voyage-vai-sair-de-linha-2.jpg","datePublished":"2023-03-01T12:30:00+00:00","dateModified":"2024-06-14T16:38:55+00:00","description":"Despedida do Volkswagen Voyage: ap\u00f3s mais de 40 anos, o modelo saiu de linha em 2023. Relembre sua trajet\u00f3ria e descubra os motivos do fim!","breadcrumb":{"@id":"https:\/\/www.despachantedok.com.br\/blog\/veiculo\/volkswagen-voyage\/#breadcrumb"},"mainEntity":[{"@id":"https:\/\/www.despachantedok.com.br\/blog\/veiculo\/volkswagen-voyage\/#faq-question-1676925143325"},{"@id":"https:\/\/www.despachantedok.com.br\/blog\/veiculo\/volkswagen-voyage\/#faq-question-1676925150876"},{"@id":"https:\/\/www.despachantedok.com.br\/blog\/veiculo\/volkswagen-voyage\/#faq-question-1676925159876"}],"inLanguage":"pt-BR","potentialAction":[{"@type":"ReadAction","target":["https:\/\/www.despachantedok.com.br\/blog\/veiculo\/volkswagen-voyage\/"]}]},{"@type":"ImageObject","inLanguage":"pt-BR","@id":"https:\/\/www.despachantedok.com.br\/blog\/veiculo\/volkswagen-voyage\/#primaryimage","url":"https:\/\/assets.despachantedok.com.br\/blog\/wp-content\/uploads\/2023\/02\/Dok_Capa_Voyage-vai-sair-de-linha-2.jpg","contentUrl":"https:\/\/assets.despachantedok.com.br\/blog\/wp-content\/uploads\/2023\/02\/Dok_Capa_Voyage-vai-sair-de-linha-2.jpg","width":556,"height":254,"caption":"Capa de artigo sobre Volkswagen Voyage vai sair de linha | DOK"},{"@type":"BreadcrumbList","@id":"https:\/\/www.despachantedok.com.br\/blog\/veiculo\/volkswagen-voyage\/#breadcrumb","itemListElement":[{"@type":"ListItem","position":1,"name":"Blog","item":"https:\/\/www.despachantedok.com.br\/blog\/"},{"@type":"ListItem","position":2,"name":"Ve\u00edculos","item":"https:\/\/www.despachantedok.com.br\/blog\/categoria\/veiculo\/"},{"@type":"ListItem","position":3,"name":"Volkswagen Voyage se despede ap\u00f3s mais de 40 anos de hist\u00f3ria"}]},{"@type":"WebSite","@id":"https:\/\/www.despachantedok.com.br\/blog\/#website","url":"https:\/\/www.despachantedok.com.br\/blog\/","name":"Acesse o Blog e conhe\u00e7a todos os nossos artigos | DOK Despachante","description":"Fique por dentro de artigos sobre o tr\u00e2nsito brasileiro! Conhe\u00e7a informa\u00e7\u00f5es sobre licenciamento, ipva, multas e muito mais. Acesse agora o Blog do DOK!","publisher":{"@id":"https:\/\/www.despachantedok.com.br\/blog\/#organization"},"alternateName":"Blog do DOK","potentialAction":[{"@type":"SearchAction","target":{"@type":"EntryPoint","urlTemplate":"https:\/\/www.despachantedok.com.br\/blog\/?s={search_term_string}"},"query-input":{"@type":"PropertyValueSpecification","valueRequired":true,"valueName":"search_term_string"}}],"inLanguage":"pt-BR"},{"@type":"Organization","@id":"https:\/\/www.despachantedok.com.br\/blog\/#organization","name":"DOK Despachante","alternateName":"DOK","url":"https:\/\/www.despachantedok.com.br\/blog\/","logo":{"@type":"ImageObject","inLanguage":"pt-BR","@id":"https:\/\/www.despachantedok.com.br\/blog\/#\/schema\/logo\/image\/","url":"https:\/\/assets.despachantedok.com.br\/blog\/wp-content\/uploads\/2024\/01\/logo-dok_novo_blog.svg","contentUrl":"https:\/\/assets.despachantedok.com.br\/blog\/wp-content\/uploads\/2024\/01\/logo-dok_novo_blog.svg","width":284,"height":131,"caption":"DOK Despachante"},"image":{"@id":"https:\/\/www.despachantedok.com.br\/blog\/#\/schema\/logo\/image\/"},"sameAs":["https:\/\/facebook.com\/DOKDespachante\/"],"address":{"@type":"PostalAddress","streetAddress":"Pra\u00e7a Frank Speers, 12","addressLocality":"Sorocaba","addressRegion":"SP","postalCode":"18095-020","addressCountry":"BR"},"email":"fale@despachantedok.com.br","telephone":"551530422030","legalName":"DOK Servi\u00e7os de Pagamentos Ltda.","vatID":"27.838.743\/0001-91"},{"@type":"Person","@id":"https:\/\/www.despachantedok.com.br\/blog\/#\/schema\/person\/6e41d0c1afe01aefd76c3ee23f914fea","name":"Gregory Packs","description":"Formado em An\u00e1lise de Sistemas e Marketing Digital, Gregory Packs \u00e9 o fundador do DOK Despachante, o primeiro despachante online do estado de S\u00e3o Paulo. Com uma vis\u00e3o inovadora, ele revolucionou a maneira que as pessoas fazem seus documentos veiculares, disponibilizando uma plataforma 100% online que facilita e agiliza esse processo, oferecendo diversos servi\u00e7os de forma simples, segura e eficiente, como consulta e pagamento de licenciamento, IPVA, multas, entre outros. Atualmente, o DOK j\u00e1 atendeu mais de 200 mil motoristas e est\u00e1 sempre em busca de oferecer os melhores servi\u00e7os e experi\u00eancia aos seus clientes.\u00a0","url":"https:\/\/www.despachantedok.com.br\/blog\/author\/gregory\/"},{"@type":"Question","@id":"https:\/\/www.despachantedok.com.br\/blog\/veiculo\/volkswagen-voyage\/#faq-question-1676925143325","position":1,"url":"https:\/\/www.despachantedok.com.br\/blog\/veiculo\/volkswagen-voyage\/#faq-question-1676925143325","name":"Quantas vers\u00f5es teve o Volkswagen Voyage?","answerCount":1,"acceptedAnswer":{"@type":"Answer","text":"Com mais de 40 anos de hist\u00f3ria, o Voyage conta com mais de 12 vers\u00f5es com diferen\u00e7as n\u00e3o s\u00f3 est\u00e9ticas, mas tamb\u00e9m mec\u00e2nicas e de performance.\u00a0\u00a0","inLanguage":"pt-BR"},"inLanguage":"pt-BR"},{"@type":"Question","@id":"https:\/\/www.despachantedok.com.br\/blog\/veiculo\/volkswagen-voyage\/#faq-question-1676925150876","position":2,"url":"https:\/\/www.despachantedok.com.br\/blog\/veiculo\/volkswagen-voyage\/#faq-question-1676925150876","name":"Quando foi lan\u00e7ado o Volkswagen Voyage?","answerCount":1,"acceptedAnswer":{"@type":"Answer","text":"O Volkswagen Voyage foi lan\u00e7ado em 1981 e tem sua produ\u00e7\u00e3o encerrada agora em 2023.\u00a0","inLanguage":"pt-BR"},"inLanguage":"pt-BR"},{"@type":"Question","@id":"https:\/\/www.despachantedok.com.br\/blog\/veiculo\/volkswagen-voyage\/#faq-question-1676925159876","position":3,"url":"https:\/\/www.despachantedok.com.br\/blog\/veiculo\/volkswagen-voyage\/#faq-question-1676925159876","name":"Por que o Voyage vai sair de linha?\u00a0","answerCount":1,"acceptedAnswer":{"@type":"Answer","text":"Com mais de quatro d\u00e9cadas de exist\u00eancia, o Volkswagen Voyage tem um projeto antigo, desatualizado e incompat\u00edvel com as novas normas de seguran\u00e7a. Al\u00e9m disso, nos \u00faltimos anos, o n\u00famero de novos emplacamentos s\u00f3 cai.","inLanguage":"pt-BR"},"inLanguage":"pt-BR"}]}},"author_meta":{"display_name":"Gregory Packs","author_link":"https:\/\/www.despachantedok.com.br\/blog\/author\/gregory\/"},"featured_img":"https:\/\/assets.despachantedok.com.br\/blog\/wp-content\/uploads\/2023\/02\/Dok_Capa_Voyage-vai-sair-de-linha-2-300x137.jpg","coauthors":[],"tax_additional":{"categories":{"linked":["<a href=\"https:\/\/www.despachantedok.com.br\/blog\/categoria\/veiculo\/\" class=\"advgb-post-tax-term\">Ve\u00edculos<\/a>"],"unlinked":["<span class=\"advgb-post-tax-term\">Ve\u00edculos<\/span>"]}},"comment_count":"0","relative_dates":{"created":"Publicado 3 anos atr\u00e1s","modified":"Atualizado 2 anos atr\u00e1s"},"absolute_dates":{"created":"Publicado em mar\u00e7o 1, 2023","modified":"Atualizado em junho 14, 2024"},"absolute_dates_time":{"created":"Publicado em mar\u00e7o 1, 2023 9:30 am","modified":"Atualizado em junho 14, 2024 1:38 pm"},"featured_img_caption":"","series_order":"","_links":{"self":[{"href":"https:\/\/www.despachantedok.com.br\/blog\/wp-json\/wp\/v2\/posts\/19074","targetHints":{"allow":["GET"]}}],"collection":[{"href":"https:\/\/www.despachantedok.com.br\/blog\/wp-json\/wp\/v2\/posts"}],"about":[{"href":"https:\/\/www.despachantedok.com.br\/blog\/wp-json\/wp\/v2\/types\/post"}],"author":[{"embeddable":true,"href":"https:\/\/www.despachantedok.com.br\/blog\/wp-json\/wp\/v2\/users\/9"}],"replies":[{"embeddable":true,"href":"https:\/\/www.despachantedok.com.br\/blog\/wp-json\/wp\/v2\/comments?post=19074"}],"version-history":[{"count":12,"href":"https:\/\/www.despachantedok.com.br\/blog\/wp-json\/wp\/v2\/posts\/19074\/revisions"}],"predecessor-version":[{"id":27674,"href":"https:\/\/www.despachantedok.com.br\/blog\/wp-json\/wp\/v2\/posts\/19074\/revisions\/27674"}],"wp:featuredmedia":[{"embeddable":true,"href":"https:\/\/www.despachantedok.com.br\/blog\/wp-json\/wp\/v2\/media\/19117"}],"wp:attachment":[{"href":"https:\/\/www.despachantedok.com.br\/blog\/wp-json\/wp\/v2\/media?parent=19074"}],"wp:term":[{"taxonomy":"category","embeddable":true,"href":"https:\/\/www.despachantedok.com.br\/blog\/wp-json\/wp\/v2\/categories?post=19074"},{"taxonomy":"post_tag","embeddable":true,"href":"https:\/\/www.despachantedok.com.br\/blog\/wp-json\/wp\/v2\/tags?post=19074"}],"curies":[{"name":"wp","href":"https:\/\/api.w.org\/{rel}","templated":true}]}}