{"id":16351,"date":"2022-10-11T09:30:00","date_gmt":"2022-10-11T12:30:00","guid":{"rendered":"https:\/\/www.despachantedok.com.br\/blog\/?p=16351"},"modified":"2024-02-15T14:05:20","modified_gmt":"2024-02-15T17:05:20","slug":"dia-nacional-do-transito","status":"publish","type":"post","link":"https:\/\/www.despachantedok.com.br\/blog\/veiculo\/dia-nacional-do-transito\/","title":{"rendered":"Dia Nacional do Tr\u00e2nsito: cria\u00e7\u00e3o e influ\u00eancia na seguran\u00e7a das vias"},"content":{"rendered":"\n<p>Salve, Motorista! Voc\u00ea sabe na pr\u00e1tica o que \u00e9 o Dia Nacional do Tr\u00e2nsito, qual \u00e9 a inten\u00e7\u00e3o da data e por que foi criada? Ent\u00e3o, fica comigo que neste artigo, vou falar sobre tudo isso e muito mais.&nbsp;<\/p>\n\n\n\n<p>Segundo dados da <a href=\"https:\/\/www1.folha.uol.com.br\/cotidiano\/2022\/04\/quem-mais-morre-no-transito-do-brasil.shtml\" target=\"_blank\" rel=\"noreferrer noopener\">Folha de S.Paulo,<\/a> no ano de 2020, 36% dos \u00f3bitos por acidente de tr\u00e2nsito foi de motociclistas &#8211; dos mais de 32 mil acidentados.&nbsp;<\/p>\n\n\n\n<p>Em Maio deste ano, o <a href=\"https:\/\/g1.globo.com\/jornal-nacional\/noticia\/2022\/05\/10\/motociclistas-foram-seis-em-cada-10-acidentados-no-transito-de-sp-em-2021.ghtml\" target=\"_blank\" rel=\"noreferrer noopener\">Portal g1<\/a>,  apresentou dados dos 3 \u00faltimos anos sobre a gravidade dos acidentes envolvendo os motociclistas.&nbsp;<\/p>\n\n\n\n<p>De acordo com a reportagem, as maiores consequ\u00eancias em acidentes de moto s\u00e3o:&nbsp;<\/p>\n\n\n\n<ol class=\"wp-block-list\"><li>Les\u00e3o na medula \u2013 com 40% dos casos;&nbsp;<\/li>\n<\/ol>\n\n\n\n<ol class=\"wp-block-list\" start=\"2\"><li>Amputa\u00e7\u00e3o &#8211; representando 19%;&nbsp;<\/li>\n<\/ol>\n\n\n\n<ol class=\"wp-block-list\" start=\"3\"><li>Les\u00e3o encef\u00e1lica &#8211; chegando aos 17% dos casos registrados.&nbsp;<\/li>\n<\/ol>\n\n\n\n<p>Por isso, datas como o Dia Nacional do Tr\u00e2nsito s\u00e3o t\u00e3o importantes para promover a conscientiza\u00e7\u00e3o sobre o aumento da seguran\u00e7a nas vias. <\/p>\n\n\n\n<h2 class=\"wp-block-heading\" id=\"h-o-que-o-dia-nacional-do-tr-nsito-e-como-surgiu\">O que \u00e9 o Dia Nacional do Tr\u00e2nsito e como surgiu?<\/h2>\n\n\n\n<p>O Dia Nacional do Tr\u00e2nsito \u00e9 celebrado no dia 25 de setembro e \u00e9 o marco final da Semana Nacional do Tr\u00e2nsito que, geralmente, acontece dos dias 18 a 25 do mesmo m\u00eas.&nbsp;&nbsp;<\/p>\n\n\n\n<p>A data surgiu em 1997, ano da implementa\u00e7\u00e3o do C\u00f3digo de Tr\u00e2nsito Brasileiro \u2013 CTB \u2013 mais parecido com o que conhecemos hoje.&nbsp;<\/p>\n\n\n\n<p>O intuito de ter uma mobiliza\u00e7\u00e3o nacional fora do m\u00eas de Maio, relacionada ao tr\u00e2nsito, serve para:&nbsp;&nbsp;<\/p>\n\n\n\n<ol class=\"wp-block-list\"><li>Promover a reflex\u00e3o e conscientiza\u00e7\u00e3o de medidas de seguran\u00e7a no tr\u00e2nsito;&nbsp;<\/li>\n<\/ol>\n\n\n\n<ol class=\"wp-block-list\" start=\"2\"><li>Comemorar a implementa\u00e7\u00e3o do CTB de 1997;&nbsp;<\/li>\n<\/ol>\n\n\n\n<ol class=\"wp-block-list\" start=\"3\"><li>Problematizar que, o uso excessivo de autom\u00f3veis e motocicletas causa s\u00e9rios problemas ao bem-estar socioambiental.&nbsp;<\/li>\n<\/ol>\n\n\n\n<p>Ademais, \u00e9 importe ressaltar que a seguran\u00e7a no tr\u00e2nsito necessita da participa\u00e7\u00e3o e responsabilidade de todos.&nbsp;&nbsp;<\/p>\n\n\n\n<p>Voc\u00ea sabia que n\u00e3o s\u00e3o apenas os motoristas, motociclistas e caminhoneiros que possuem papel fundamental para garantir a seguran\u00e7a das vias? <\/p>\n\n\n\n<p>Ciclistas, pedestres e passageiros tamb\u00e9m precisam fazer a sua parte em prol da melhoria da qualidade do tr\u00e2nsito nacional.<\/p>\n\n\n\n<h3 class=\"wp-block-heading\" id=\"h-semana-do-tr-nsito\">Semana do Tr\u00e2nsito<\/h3>\n\n\n\n<p>A Semana do Tr\u00e2nsito de 2022 foi promovida pelo Minist\u00e9rio da Infraestrutura (MINFRA) &#8211; \u00f3rg\u00e3o respons\u00e1vel pela pol\u00edtica nacional de tr\u00e2nsito e transporte (ferrovi\u00e1rio, rodovi\u00e1rio e aquavi\u00e1rio).&nbsp;<\/p>\n\n\n\n<p>O tema da edi\u00e7\u00e3o deste ano, definido pelo CONTRAN (Conselho Nacional de Tr\u00e2nsito), foi o mesmo do Maio Amarelo 2022: \u201cjuntos salvamos vidas\u201d.&nbsp;<\/p>\n\n\n\n<p>Durante a Semana Nacional do Tr\u00e2nsito que acontece em setembro (18 \u2013 25), os \u00f3rg\u00e3os respons\u00e1veis pela legisla\u00e7\u00e3o, regulariza\u00e7\u00e3o e aplica\u00e7\u00e3o da qualidade de vida nas vias, realizam uma s\u00e9rie de atividades e interven\u00e7\u00f5es, visando a conscientiza\u00e7\u00e3o e reflex\u00e3o sobre as consequ\u00eancias dos modelos atuais da nossa sociedade que tanto depende dos autom\u00f3veis.&nbsp;<\/p>\n\n\n\n<p>Continue lendo este artigo e saiba mais sobre as atividades desenvolvidas para aumentar a seguran\u00e7a das vias e sobre a campanha da Semana do Tr\u00e2nsito.<\/p>\n\n\n\n<h3 class=\"wp-block-heading\" id=\"h-atividades-sobre-o-dia-nacional-do-tr-nsito\">Atividades sobre o Dia Nacional do Tr\u00e2nsito<\/h3>\n\n\n\n<p>Como dito, os \u00f3rg\u00e3os respons\u00e1veis pelo tr\u00e2nsito no pa\u00eds possuem papel fundamental no desenvolvimento das atividades de conscientiza\u00e7\u00e3o durante a Semana e Dia Nacional do Tr\u00e2nsito.&nbsp;<\/p>\n\n\n\n<p>Al\u00e9m do CONTRAN &#8211; \u00f3rg\u00e3o coordenador, normativo e consultivo m\u00e1ximo do Sistema Nacional de Tr\u00e2nsito (SNT), de acordo com <a href=\"https:\/\/www.ctbdigital.com.br\/artigo\/art7\" target=\"_blank\" rel=\"noreferrer noopener\">Art.7<\/a> do CTB, os demais \u00f3rg\u00e3os respons\u00e1veis s\u00e3o divididos em:&nbsp;<\/p>\n\n\n\n<ol class=\"wp-block-list\"><li><strong>\u00d3rg\u00e3os normativos<\/strong>;&nbsp;<\/li>\n<\/ol>\n\n\n\n<div class=\"wp-block-advgb-list\"><ul class=\"advgblist-a13b684c-06df-4716-af92-977a0656426a advgb-list advgb-list-controls-play\"><li>CETRAN \u2013 Conselhos Estaduais de Tr\u00e2nsito;\u00a0<\/li>\n<li>CONTRADIFE \u2013 Conselho de Tr\u00e2nsito do Distrito Federal;<\/li>\n<\/ul><\/div>\n\n\n\n<ol class=\"wp-block-list\" start=\"2\"><li><strong>\u00d3rg\u00e3os executivos<\/strong>;&nbsp;<\/li>\n<\/ol>\n\n\n\n<div class=\"wp-block-advgb-list\"><ul class=\"advgblist-b112d174-bc17-408d-a1be-01b6f8960b65 advgb-list advgb-list-controls-play\"><li>DENATRAN \u2013 Departamento Nacional de Tr\u00e2nsito;\u00a0<\/li>\n<li>DETRAN \u2013 Departamentos Estaduais de Tr\u00e2nsito;<\/li>\n<\/ul><\/div>\n\n\n\n<ol class=\"wp-block-list\" start=\"3\"><li><strong>\u00d3rg\u00e3os fiscalizadores;&nbsp;<\/strong><\/li>\n<\/ol>\n\n\n\n<div class=\"wp-block-advgb-list\"><ul class=\"advgblist-d72751a0-5d7f-4057-b690-b6d37c55bda3 advgb-list advgb-list-controls-play\"><li>PRF &#8211; Pol\u00edcia Rodovi\u00e1ria Federal;\u00a0<\/li>\n<li>PM &#8211; Pol\u00edcia Militar;\u00a0<\/li>\n<\/ul><\/div>\n\n\n\n<ol class=\"wp-block-list\" start=\"4\"><li><strong>\u00d3rg\u00e3os recursais;&nbsp;<\/strong><\/li>\n<\/ol>\n\n\n\n<ul class=\"wp-block-list\"><li>JARI \u2013 Junta Administrativa de Recursos de Infra\u00e7\u00e3o.&nbsp;<\/li>\n<\/ul>\n\n\n\n<p>Suas principais a\u00e7\u00f5es no m\u00eas de Setembro envolvem quest\u00f5es como:&nbsp;&nbsp;<\/p>\n\n\n\n<div class=\"wp-block-advgb-list\"><ul class=\"advgblist-27b0a69e-ed8b-4e0c-8b0d-896c9193c2c1 advgb-list advgb-list-controls-play\"><li>O combate da dire\u00e7\u00e3o violenta no tr\u00e2nsito;\u00a0\u00a0<\/li>\n<li>Atendimento psicol\u00f3gico \u00e0s v\u00edtimas de acidentes de tr\u00e2nsito;\u00a0<\/li>\n<li>Incentivo e conscientiza\u00e7\u00e3o sobre a utiliza\u00e7\u00e3o da dire\u00e7\u00e3o defensiva preventiva baseada nas normas de seguran\u00e7a no tr\u00e2nsito.\u00a0<\/li>\n<\/ul><\/div>\n\n\n\n<p>Cidades como <a href=\"https:\/\/www.youtube.com\/watch?v=Eo-ZV1_49QM\" target=\"_blank\" rel=\"noreferrer noopener\">Sorocaba<\/a>, <a href=\"https:\/\/www.youtube.com\/watch?v=iBmAXLO6Qco\" target=\"_blank\" rel=\"noreferrer noopener\">Aperip\u00ea<\/a>, <a href=\"https:\/\/www.youtube.com\/watch?v=DbILweK2VM8\" target=\"_blank\" rel=\"noreferrer noopener\">Franca<\/a> e muitas outras, trabalharam suas campanhas com temas que tamb\u00e9m foram discutidos na <a href=\"https:\/\/www.youtube.com\/watch?v=bblxv_5AsRc\" target=\"_blank\" rel=\"noreferrer noopener\">cerim\u00f4nia da Semana do Tr\u00e2nsito e da Mobilidade<\/a>.&nbsp;<\/p>\n\n\n\n<p>\u00c9 poss\u00edvel conferir o cronograma da semana na <a href=\"https:\/\/www.gov.br\/infraestrutura\/pt-br\/assuntos\/noticias\/2022\/09\/confira-a-programacao-da-semana-nacional-de-transito-2022\" target=\"_blank\" rel=\"noreferrer noopener\">p\u00e1gina do Minist\u00e9rio da Infraestrutura<\/a> do \u2018gov.br\u2019.&nbsp;<\/p>\n\n\n\n<figure class=\"wp-block-image size-large\"><img decoding=\"async\" width=\"759\" height=\"1024\" src=\"https:\/\/assets.despachantedok.com.br\/blog\/wp-content\/uploads\/2022\/10\/18_info-759x1024.png\" alt=\"Infogr\u00e1fico tabela sobre os \u00f3rg\u00e3os formadores do Sistema Nacional de Tr\u00e2nsito | DOK Despachante\" class=\"wp-image-16360\" srcset=\"https:\/\/assets.despachantedok.com.br\/blog\/wp-content\/uploads\/2022\/10\/18_info-759x1024.png 759w, https:\/\/assets.despachantedok.com.br\/blog\/wp-content\/uploads\/2022\/10\/18_info-222x300.png 222w, https:\/\/assets.despachantedok.com.br\/blog\/wp-content\/uploads\/2022\/10\/18_info-768x1037.png 768w, https:\/\/assets.despachantedok.com.br\/blog\/wp-content\/uploads\/2022\/10\/18_info-376x508.png 376w, https:\/\/assets.despachantedok.com.br\/blog\/wp-content\/uploads\/2022\/10\/18_info-150x203.png 150w, https:\/\/assets.despachantedok.com.br\/blog\/wp-content\/uploads\/2022\/10\/18_info.png 1000w\" sizes=\"(max-width: 759px) 100vw, 759px\" \/><\/figure>\n\n\n\n<hr class=\"wp-block-separator\"\/>\n\n\n\n<div class=\"tempb-segundo\" style=\"text-align: center;\" id=\"tempb-3852145161\"><div id=\"tempb-1733908379\"><a href=\"https:\/\/www.despachantedok.com.br\/?utm_source=blog&#038;utm_medium=banner&#038;utm_campaign=geral\" aria-label=\"valor do ipva 2026 dispon\u00edvel\"><img src=\"https:\/\/assets.despachantedok.com.br\/blog\/wp-content\/uploads\/2025\/12\/01_720x300.jpg\" alt=\"valor do ipva 2026 dispon\u00edvel\"  srcset=\"https:\/\/assets.despachantedok.com.br\/blog\/wp-content\/uploads\/2025\/12\/01_720x300.jpg 720w, https:\/\/assets.despachantedok.com.br\/blog\/wp-content\/uploads\/2025\/12\/01_720x300-300x125.jpg 300w, https:\/\/assets.despachantedok.com.br\/blog\/wp-content\/uploads\/2025\/12\/01_720x300-150x63.jpg 150w\" sizes=\"(max-width: 720px) 100vw, 720px\" width=\"720\" height=\"300\"   \/><\/a><\/div><\/div><h2 class=\"wp-block-heading\" id=\"h-saiba-mais-sobre-a-seguran-a-no-dia-nacional-do-tr-nsito\">Saiba mais sobre a seguran\u00e7a no Dia Nacional do Tr\u00e2nsito<\/h2>\n\n\n\n<p>Ei, Motorista! Se voc\u00ea chegou at\u00e9 aqui, achamos que tamb\u00e9m vai precisar saber disso. Confira:&nbsp;<\/p>\n\n\n\n<div class=\"wp-block-advgb-list\"><ul class=\"advgblist-57beee22-47eb-4dff-82ca-b7636329925a advgb-list advgb-list-controls-play\"><li><a href=\"https:\/\/www.despachantedok.com.br\/blog\/veiculo\/detran\/\" target=\"_blank\" rel=\"noreferrer noopener\">Detran: como o \u00f3rg\u00e3o funciona e quais s\u00e3o as suas responsabilidades<\/a><\/li>\n<li><a href=\"https:\/\/www.despachantedok.com.br\/blog\/veiculo\/lei-do-descanso\/\" target=\"_blank\" rel=\"noreferrer noopener\">Lei do Descanso para Caminhoneiros: voc\u00ea sabe quais s\u00e3o as regras?<\/a><\/li>\n<li><a href=\"https:\/\/www.despachantedok.com.br\/blog\/veiculo\/motorista-de-aplicativo\/\" target=\"_blank\" rel=\"noreferrer noopener\">Motorista de aplicativo: o guia completo para te ajudar em tudo<\/a>\u00a0<\/li>\n<\/ul><\/div>\n\n\n\n<hr class=\"wp-block-separator\"\/>\n\n\n\n<h2 class=\"wp-block-heading\" id=\"h-m-s-do-tr-nsito-outras-a-es\">M\u00eas do tr\u00e2nsito: outras a\u00e7\u00f5es<\/h2>\n\n\n\n<p>Al\u00e9m das a\u00e7\u00f5es que os \u00f3rg\u00e3os que comp\u00f5em o SNT movimentam &#8211; com mais \u00eanfase &#8211; em Maio e Setembro, existem outras iniciativas que promovem a conscientiza\u00e7\u00e3o de um tr\u00e2nsito mais seguro e respons\u00e1vel, al\u00e9m da reflex\u00e3o sobre a diminui\u00e7\u00e3o do uso de autom\u00f3veis.&nbsp;<\/p>\n\n\n\n<p>Uma dessas iniciativas \u00e9 o Dia Mundial sem Carro, celebrado em 22 de Setembro, em cidades brasileiras e europeias. O objetivo da data \u00e9 advertir sobre a depend\u00eancia que criamos com os autom\u00f3veis e como isso afeta negativamente a rotina e o planeta.&nbsp;<\/p>\n\n\n\n<p>Confira o <a href=\"https:\/\/www.youtube.com\/watch?v=qFF3wdNJJbo\" target=\"_blank\" rel=\"noreferrer noopener\">v\u00eddeo para o Dia Mundial sem Carro<\/a>, da campanha de 2022, de Portugal, para a Semana Europeia da Mobilidade.&nbsp;<\/p>\n\n\n\n<p>Outra a\u00e7\u00e3o desenvolvida foi a Semana da Mobilidade &#8211; esta brasileira \u2013 elaborada pelo Minist\u00e9rio de Desenvolvimento Regional. <\/p>\n\n\n\n<p>A a\u00e7\u00e3o ocorreu em parceria com a Semana Nacional do Tr\u00e2nsito de 2022 e o BNDS (Banco Nacional de Desenvolvimento Econ\u00f4mico e Social), com o objetivo de realizar uma s\u00e9rie de estudos sobre as demandas que garantem as pol\u00edticas p\u00fablicas sobre a rela\u00e7\u00e3o entre mobilidade e sustentabilidade no pa\u00eds.<\/p>\n\n\n\n<h3 class=\"wp-block-heading\" id=\"h-setembro-amarelo-tr-nsito\">Setembro amarelo: tr\u00e2nsito<\/h3>\n\n\n\n<p>Apesar de Setembro ser o m\u00eas das campanhas de preven\u00e7\u00e3o ao suic\u00eddio, ele tamb\u00e9m \u00e9 o m\u00eas da semana e Dia Nacional do Tr\u00e2nsito.&nbsp;<\/p>\n\n\n\n<p>Durante este per\u00edodo de uma semana em Setembro, acontece a extens\u00e3o das campanhas de Maio amarelo, pela diminui\u00e7\u00e3o do n\u00famero de acidentes vi\u00e1rios, com a apresenta\u00e7\u00e3o de solu\u00e7\u00f5es poss\u00edveis de mobilidade.&nbsp;<\/p>\n\n\n\n<p>Em 2021, foi o \u00faltimo ano da d\u00e9cada de A\u00e7\u00e3o para Seguran\u00e7a no Tr\u00e2nsito, que come\u00e7ou em 2011, definido pela ONU &#8211; Organiza\u00e7\u00e3o das Na\u00e7\u00f5es Unidas.&nbsp;<\/p>\n\n\n\n<p>Mesmo que a \u00eanfase para as campanhas tenha sido para essa \u00faltima d\u00e9cada (2011 \u2013 2021), manter uma forte estrutura de campanha para a conscientiza\u00e7\u00e3o da seguran\u00e7a no tr\u00e2nsito ainda \u00e9 imprescind\u00edvel.<\/p>\n\n\n\n<h3 class=\"wp-block-heading\" id=\"h-qual-a-diferen-a-entre-o-setembro-e-maio-amarelo-do-tr-nsito\">Qual a diferen\u00e7a entre o Setembro e Maio Amarelo do tr\u00e2nsito?<\/h3>\n\n\n\n<p>Com certeza voc\u00ea j\u00e1 viu ou participou de alguma campanha sobre o Maio Amarelo na sua cidade, certo? <\/p>\n\n\n\n<p>Como dito anteriormente, as a\u00e7\u00f5es desse m\u00eas, s\u00e3o focadas em seguran\u00e7a no tr\u00e2nsito, as quais s\u00e3o apresentadas, principalmente, a compara\u00e7\u00e3o dos dados num\u00e9ricos da quantidade de acidentes das vias do ano atual com anos anteriores.&nbsp;&nbsp;<\/p>\n\n\n\n<p>J\u00e1 em Setembro, s\u00e3o apresentadas as poss\u00edveis solu\u00e7\u00f5es a partir de atividades e a\u00e7\u00f5es sobre como garantir um tr\u00e2nsito mais seguro.&nbsp;<\/p>\n\n\n\n<p>Vale ressaltar que a cor amarela foi escolhida como sinonimo de alerta. Assim como as placas amarelas de tr\u00e2nsito avisam os motoristas de algo que est\u00e1 por vir, o amarelo \u00e9 uma advert\u00eancia geral para a conduta dos motoristas nas vias.&nbsp;<\/p>\n\n\n\n<figure class=\"wp-block-image size-large\"><img decoding=\"async\" width=\"840\" height=\"1024\" src=\"https:\/\/assets.despachantedok.com.br\/blog\/wp-content\/uploads\/2022\/10\/17_info-seo-840x1024.png\" alt=\"Infogr\u00e1fico sobre a diferen\u00e7a entre Maio e Setembro amarelo do tr\u00e2nsito | DOK Despachante\" class=\"wp-image-16359\" srcset=\"https:\/\/assets.despachantedok.com.br\/blog\/wp-content\/uploads\/2022\/10\/17_info-seo-840x1024.png 840w, https:\/\/assets.despachantedok.com.br\/blog\/wp-content\/uploads\/2022\/10\/17_info-seo-246x300.png 246w, https:\/\/assets.despachantedok.com.br\/blog\/wp-content\/uploads\/2022\/10\/17_info-seo-768x936.png 768w, https:\/\/assets.despachantedok.com.br\/blog\/wp-content\/uploads\/2022\/10\/17_info-seo-417x508.png 417w, https:\/\/assets.despachantedok.com.br\/blog\/wp-content\/uploads\/2022\/10\/17_info-seo-150x183.png 150w, https:\/\/assets.despachantedok.com.br\/blog\/wp-content\/uploads\/2022\/10\/17_info-seo.png 965w\" sizes=\"(max-width: 840px) 100vw, 840px\" \/><\/figure>\n\n\n\n<h2 class=\"wp-block-heading\" id=\"h-dicas-de-seguran-a-para-o-dia-nacional-do-tr-nsito\">Dicas de seguran\u00e7a para o Dia Nacional do Tr\u00e2nsito<\/h2>\n\n\n\n<p>A <a href=\"https:\/\/www.despachantedok.com.br\/blog\/dicas\/seguranca-no-transito\/\" target=\"_blank\" rel=\"noreferrer noopener\">seguran\u00e7a no tr\u00e2nsito<\/a> \u00e9 pe\u00e7a indispens\u00e1vel para a melhora do bem-estar dos usu\u00e1rios das vias. Praticar uma dire\u00e7\u00e3o respons\u00e1vel \u00e9 auxiliar no respeito \u00e0 vida, al\u00e9m de ajudar a manter as vias em bom estado de conserva\u00e7\u00e3o.&nbsp;<\/p>\n\n\n\n<p>Confira abaixo, algumas dicas de seguran\u00e7a no tr\u00e2nsito para implementar no seu dia a dia.&nbsp;&nbsp;<\/p>\n\n\n\n<h3 class=\"wp-block-heading\" id=\"h-1-circule-na-velocidade-correta\">1 &#8211; Circule na velocidade correta<\/h3>\n\n\n\n<p>O limite m\u00e1ximo e m\u00ednimo de velocidade de uma via de tr\u00e2nsito varia conforme sua classifica\u00e7\u00e3o. E por mais que seja necess\u00e1rio, n\u00e3o \u00e9 em todo trecho da via que h\u00e1 uma placa indicando o limite de velocidade.&nbsp;<\/p>\n\n\n\n<p>Pensando nisso, descubra quais s\u00e3o esses limites para cada tipo de via <a href=\"https:\/\/www.despachantedok.com.br\/blog\/veiculo\/velocidade-permitida\/\" target=\"_blank\" rel=\"noreferrer noopener\">clicando aqui.<\/a>&nbsp;<\/p>\n\n\n\n<p>Apesar de existir um limite m\u00e1ximo, \u00e9 aconselh\u00e1vel que este apenas seja atingido nos momentos em que:&nbsp;<\/p>\n\n\n\n<div class=\"wp-block-advgb-list\"><ul class=\"advgblist-ef1886d7-a602-4cd3-ac8b-00781d3908e3 advgb-list advgb-list-admin-post\"><li>O fluxo de tr\u00e2nsito esteja tranquilo;\u00a0<\/li>\n<li>Aconte\u00e7a algum caso de emerg\u00eancia.\u00a0<\/li>\n<\/ul><\/div>\n\n\n\n<p>Circular fora dos limites permitidos para mais ou para menos pode acarretar em uma multa por velocidade.&nbsp;<\/p>\n\n\n\n<p>Quer consultar se consta algum d\u00e9bito de multa no seu ve\u00edculo, mas n\u00e3o sabe onde? No <a href=\"https:\/\/www.despachantedok.com.br\/\">DOK Despachante<\/a>, voc\u00ea faz isso gratuitamente e ainda pode regularizar os d\u00e9bitos pendentes, caso eles existam, em at\u00e9 12x no cart\u00e3o de cr\u00e9dito.<\/p>\n\n\n\n<h3 class=\"wp-block-heading\" id=\"h-2-adote-uma-dire-o-defensiva-preventiva\">2 &#8211; Adote uma dire\u00e7\u00e3o defensiva preventiva<\/h3>\n\n\n\n<p>Dirigir defensivamente \u00e9 agir de modo a evitar acidentes, apesar das a\u00e7\u00f5es incorretas dos outros e das condi\u00e7\u00f5es adversas que voc\u00ea pode encontrar nas vias de tr\u00e2nsito.&nbsp;<\/p>\n\n\n\n<p>Existem duas vertentes de dire\u00e7\u00e3o defensiva. A primeira delas \u00e9 a corretiva, na qual o motorista atua de forma a compensar seus erros e dos demais motoristas, com apenas sua aptid\u00e3o e habilidade no volante.&nbsp;<\/p>\n\n\n\n<p>J\u00e1 a segunda, a preventiva, se baseia na ideia de toda e qualquer a\u00e7\u00e3o e decis\u00e3o que o motorista toma antes de dirigir. Na dire\u00e7\u00e3o defensiva preventiva o motorista sabe:&nbsp;<\/p>\n\n\n\n<div class=\"wp-block-advgb-list\"><ul class=\"advgblist-46585f6a-33fe-4439-99fd-16672f45833a advgb-list advgb-list-yes\"><li>O caminho que vai seguir;\u00a0<\/li>\n<li>A previs\u00e3o do tempo;\u00a0<\/li>\n<li>Quanto de gasolina tem no tanque;\u00a0<\/li>\n<li>Se h\u00e1 acidentes na via;\u00a0<\/li>\n<li>A velocidade m\u00e1xima e m\u00ednima da via;\u00a0<\/li>\n<li>Quando foi a \u00faltima <a href=\"https:\/\/www.despachantedok.com.br\/blog\/dicas\/revisao-de-carros\/\" target=\"_blank\" rel=\"noreferrer noopener\">revis\u00e3o do carro;<\/a>\u00a0<\/li>\n<li>O tempo de viagem;\u00a0<\/li>\n<li>Que \u00e9 extremamente proibido <a href=\"https:\/\/www.despachantedok.com.br\/blog\/multas-de-transito\/multa-por-dirigir-embriagado\/\" target=\"_blank\" rel=\"noreferrer noopener\">dirigir embriagado<\/a>, segundo <a href=\"https:\/\/www.ctbdigital.com.br\/artigo\/art165\" target=\"_blank\" rel=\"noreferrer noopener\">Art. 165<\/a> do CTB &#8211; C\u00f3digo de Tr\u00e2nsito Brasileiro.\u00a0<\/li>\n<\/ul><\/div>\n\n\n\n<p>Ao saber de tudo isso e muito mais, \u00e9 poss\u00edvel se planejar a fim de evitar grandes transtornos.&nbsp;Leia este <a href=\"https:\/\/www.despachantedok.com.br\/blog\/dicas\/direcao-defensiva\/\" target=\"_blank\" rel=\"noreferrer noopener\">artigo e veja<\/a> algumas outras dicas de como implementar uma dire\u00e7\u00e3o defensiva.<\/p>\n\n\n\n<h3 class=\"wp-block-heading\" id=\"h-3-saiba-o-que-fazer-em-caso-de-acidente-de-tr-nsito\">3 \u2013 Saiba o que fazer em caso de acidente de tr\u00e2nsito<\/h3>\n\n\n\n<p>Quando voc\u00ea se envolve ou se depara com um acidente vi\u00e1rio, o tempo e a tomada de decis\u00e3o devem ser o objetivo final. Isso porque, eles influenciar\u00e3o com maior ou menor \u00eanfase a probabilidade de:&nbsp;<\/p>\n\n\n\n<div class=\"wp-block-advgb-list\"><ul class=\"advgblist-8a94c705-c9bc-4be0-aa1b-494ae2a004d8 advgb-list advgb-list-warning\"><li>Os acidentados sobreviverem;\u00a0<\/li>\n<li>Demais motoristas ficarem prejudicados no acidente.\u00a0<\/li>\n<\/ul><\/div>\n\n\n\n<p>\u00c9 importante saber que em momentos de acidente a ordem de prioridade \u00e9:&nbsp;&nbsp;<\/p>\n\n\n\n<div class=\"wp-block-advgb-list\"><ul class=\"advgblist-717c0ccb-0e05-4d91-9266-8ea97aa06cbd advgb-list advgb-list-warning\"><li>Neutralizar o local garantindo sua seguran\u00e7a (para as v\u00edtimas e demais motoristas);\u00a0<\/li>\n<li>Chamar o resgate;\u00a0<\/li>\n<li>Atender a v\u00edtima.\u00a0<\/li>\n<\/ul><\/div>\n\n\n\n<p>Saiba mais sobre o que fazer em caso de acidentes, no nosso artigo de <a href=\"https:\/\/www.despachantedok.com.br\/blog\/dicas\/primeiros-socorros-no-transito\/\" target=\"_blank\" rel=\"noreferrer noopener\">primeiros socorros<\/a>.<\/p>\n\n\n\n<h2 class=\"wp-block-heading\" id=\"h-conclus-o\">Conclus\u00e3o<\/h2>\n\n\n\n<p>O Dia Nacional do Tr\u00e2nsito tem papel estrutural de forma\u00e7\u00e3o e conscientiza\u00e7\u00e3o de bons motoristas. Al\u00e9m de medir as pr\u00e1ticas inseguras nas vias e trazer solu\u00e7\u00f5es de mobilidade, a data tamb\u00e9m serve como medidor aos motoristas para auto avaliarem seu estilo de dire\u00e7\u00e3o.&nbsp;<\/p>\n\n\n\n<p>\u00c9 importante ressaltar que as boas pr\u00e1ticas de bem-estar ao tr\u00e2nsito devem ser cumpridas toda vez que for dirigir, n\u00e3o apenas em Maio e Setembro.&nbsp;<\/p>\n\n\n\n<p>Uma dire\u00e7\u00e3o cuidadosa que preza pela vida deve ser adotada a todos os momentos para diminuir o n\u00famero severo de acidentes de tr\u00e2nsito no pa\u00eds.<\/p>\n\n\n\n<p><strong><span class=\"has-inline-color has-luminous-vivid-amber-color\">TAGS:<\/span><em><span class=\"has-inline-color has-luminous-vivid-amber-color\"> <\/span><\/em><\/strong><em><span class=\"has-inline-color has-luminous-vivid-amber-color\">datas comemorativas transito\/ pesquisa sobre o tr\u00e2nsito\/ o que \u00e9 comemorado no dia 25 de setembro\/ dia nacional do agente de transito\/ quando \u00e9 a semana do tr\u00e2nsito<\/span><\/em><\/p>\n<style class=\"advgb-styles-renderer\">.wp-block-advgb-list ul.advgblist-a13b684c-06df-4716-af92-977a0656426a > li{font-size:16px;}.wp-block-advgb-list ul.advgblist-a13b684c-06df-4716-af92-977a0656426a > li{padding-left:18px;margin-left:0;}.wp-block-advgb-list ul.advgblist-a13b684c-06df-4716-af92-977a0656426a > li:before{font-size:16px;color:#ff0000;line-height:18px;margin:2px;padding:2px;margin-left:-20px}.wp-block-advgb-list ul.advgblist-b112d174-bc17-408d-a1be-01b6f8960b65 > li{font-size:16px;}.wp-block-advgb-list ul.advgblist-b112d174-bc17-408d-a1be-01b6f8960b65 > li{padding-left:18px;margin-left:0;}.wp-block-advgb-list ul.advgblist-b112d174-bc17-408d-a1be-01b6f8960b65 > li:before{font-size:16px;color:#ff0000;line-height:18px;margin:2px;padding:2px;margin-left:-20px}.wp-block-advgb-list ul.advgblist-d72751a0-5d7f-4057-b690-b6d37c55bda3 > li{font-size:16px;}.wp-block-advgb-list ul.advgblist-d72751a0-5d7f-4057-b690-b6d37c55bda3 > li{padding-left:18px;margin-left:0;}.wp-block-advgb-list ul.advgblist-d72751a0-5d7f-4057-b690-b6d37c55bda3 > li:before{font-size:16px;color:#ff0000;line-height:18px;margin:2px;padding:2px;margin-left:-20px}.wp-block-advgb-list ul.advgblist-27b0a69e-ed8b-4e0c-8b0d-896c9193c2c1 > li{font-size:16px;}.wp-block-advgb-list ul.advgblist-27b0a69e-ed8b-4e0c-8b0d-896c9193c2c1 > li{padding-left:18px;margin-left:0;}.wp-block-advgb-list ul.advgblist-27b0a69e-ed8b-4e0c-8b0d-896c9193c2c1 > li:before{font-size:16px;color:#ff0000;line-height:18px;margin:2px;padding:2px;margin-left:-20px}.wp-block-advgb-list ul.advgblist-57beee22-47eb-4dff-82ca-b7636329925a > li{font-size:16px;}.wp-block-advgb-list ul.advgblist-57beee22-47eb-4dff-82ca-b7636329925a > li{padding-left:18px;margin-left:0;}.wp-block-advgb-list ul.advgblist-57beee22-47eb-4dff-82ca-b7636329925a > li:before{font-size:16px;color:#ff0000;line-height:18px;margin:2px;padding:2px;margin-left:-20px}.wp-block-advgb-list ul.advgblist-ef1886d7-a602-4cd3-ac8b-00781d3908e3 > li{font-size:16px;}.wp-block-advgb-list ul.advgblist-ef1886d7-a602-4cd3-ac8b-00781d3908e3 > li{padding-left:18px;margin-left:0;}.wp-block-advgb-list ul.advgblist-ef1886d7-a602-4cd3-ac8b-00781d3908e3 > li:before{font-size:16px;color:#ff0000;line-height:18px;margin:2px;padding:2px;margin-left:-20px}.wp-block-advgb-list ul.advgblist-46585f6a-33fe-4439-99fd-16672f45833a > li{font-size:16px;}.wp-block-advgb-list ul.advgblist-46585f6a-33fe-4439-99fd-16672f45833a > li{padding-left:18px;margin-left:0;}.wp-block-advgb-list ul.advgblist-46585f6a-33fe-4439-99fd-16672f45833a > li:before{font-size:16px;color:#ff0000;line-height:18px;margin:2px;padding:2px;margin-left:-20px}.wp-block-advgb-list ul.advgblist-8a94c705-c9bc-4be0-aa1b-494ae2a004d8 > li{font-size:16px;}.wp-block-advgb-list ul.advgblist-8a94c705-c9bc-4be0-aa1b-494ae2a004d8 > li{padding-left:18px;margin-left:0;}.wp-block-advgb-list ul.advgblist-8a94c705-c9bc-4be0-aa1b-494ae2a004d8 > li:before{font-size:16px;color:#ff0000;line-height:18px;margin:2px;padding:2px;margin-left:-20px}.wp-block-advgb-list ul.advgblist-717c0ccb-0e05-4d91-9266-8ea97aa06cbd > li{font-size:16px;}.wp-block-advgb-list ul.advgblist-717c0ccb-0e05-4d91-9266-8ea97aa06cbd > li{padding-left:18px;margin-left:0;}.wp-block-advgb-list ul.advgblist-717c0ccb-0e05-4d91-9266-8ea97aa06cbd > li:before{font-size:16px;color:#ff0000;line-height:18px;margin:2px;padding:2px;margin-left:-20px}<\/style>","protected":false},"excerpt":{"rendered":"<p>Salve, Motorista! Voc\u00ea sabe na pr\u00e1tica o que \u00e9 o Dia Nacional do Tr\u00e2nsito, qual \u00e9 a inten\u00e7\u00e3o da data e por que foi criada? Ent\u00e3o, fica comigo que neste artigo, vou falar sobre tudo isso e muito mais.&nbsp; Segundo dados da Folha de S.Paulo, no ano de 2020, 36% dos \u00f3bitos por acidente de [&hellip;]<\/p>\n","protected":false},"author":4,"featured_media":16357,"comment_status":"open","ping_status":"open","sticky":false,"template":"","format":"standard","meta":{"advgb_blocks_editor_width":"","advgb_blocks_columns_visual_guide":"","_glsr_average":0,"_glsr_ranking":0,"_glsr_reviews":0,"lazy_load_responsive_images_disabled":false,"footnotes":""},"categories":[131],"tags":[],"class_list":["post-16351","post","type-post","status-publish","format-standard","has-post-thumbnail","hentry","category-veiculo"],"yoast_head":"<!-- This site is optimized with the Yoast SEO Premium plugin v26.0 (Yoast SEO v27.2) - https:\/\/yoast.com\/product\/yoast-seo-premium-wordpress\/ -->\n<title>Dia Nacional do Tr\u00e2nsito: hist\u00f3ria, atividades e outras a\u00e7\u00f5es | DOK<\/title>\n<meta name=\"description\" content=\"Voc\u00ea sabe o que \u00e9 o Dia Nacional do Tr\u00e2nsito e como surgiu? Descubra mais sobre a conscientiza\u00e7\u00e3o e o aumento da seguran\u00e7a nas vias!\" \/>\n<meta name=\"robots\" content=\"index, follow, max-snippet:-1, max-image-preview:large, max-video-preview:-1\" \/>\n<link rel=\"canonical\" href=\"https:\/\/www.despachantedok.com.br\/blog\/veiculo\/dia-nacional-do-transito\/\" \/>\n<meta property=\"og:locale\" content=\"pt_BR\" \/>\n<meta property=\"og:type\" content=\"article\" \/>\n<meta property=\"og:title\" content=\"Dia Nacional do Tr\u00e2nsito: cria\u00e7\u00e3o e influ\u00eancia na seguran\u00e7a das vias\" \/>\n<meta property=\"og:description\" content=\"Voc\u00ea sabe o que \u00e9 o Dia Nacional do Tr\u00e2nsito e como surgiu? Descubra mais sobre a conscientiza\u00e7\u00e3o e o aumento da seguran\u00e7a nas vias!\" \/>\n<meta property=\"og:url\" content=\"https:\/\/www.despachantedok.com.br\/blog\/veiculo\/dia-nacional-do-transito\/\" \/>\n<meta property=\"og:site_name\" content=\"Acesse o Blog e conhe\u00e7a todos os nossos artigos | DOK Despachante\" \/>\n<meta property=\"article:publisher\" content=\"https:\/\/facebook.com\/DOKDespachante\/\" \/>\n<meta property=\"article:author\" content=\"https:\/\/www.facebook.com\/DOKDespachante\" \/>\n<meta property=\"article:published_time\" content=\"2022-10-11T12:30:00+00:00\" \/>\n<meta property=\"article:modified_time\" content=\"2024-02-15T17:05:20+00:00\" \/>\n<meta property=\"og:image\" content=\"https:\/\/assets.despachantedok.com.br\/blog\/wp-content\/uploads\/2022\/10\/12_capa.png\" \/>\n\t<meta property=\"og:image:width\" content=\"1111\" \/>\n\t<meta property=\"og:image:height\" content=\"508\" \/>\n\t<meta property=\"og:image:type\" content=\"image\/png\" \/>\n<meta name=\"author\" content=\"Redator DOK\" \/>\n<meta name=\"twitter:card\" content=\"summary_large_image\" \/>\n<meta name=\"twitter:label1\" content=\"Escrito por\" \/>\n\t<meta name=\"twitter:data1\" content=\"Redator DOK\" \/>\n\t<meta name=\"twitter:label2\" content=\"Est. tempo de leitura\" \/>\n\t<meta name=\"twitter:data2\" content=\"8 minutos\" \/>\n<script type=\"application\/ld+json\" class=\"yoast-schema-graph\">{\"@context\":\"https:\/\/schema.org\",\"@graph\":[{\"@type\":\"Article\",\"@id\":\"https:\/\/www.despachantedok.com.br\/blog\/veiculo\/dia-nacional-do-transito\/#article\",\"isPartOf\":{\"@id\":\"https:\/\/www.despachantedok.com.br\/blog\/veiculo\/dia-nacional-do-transito\/\"},\"author\":{\"name\":\"Redator DOK\",\"@id\":\"https:\/\/www.despachantedok.com.br\/blog\/#\/schema\/person\/5716ff88f65b0d34cfaf39e01bbcabe9\"},\"headline\":\"Dia Nacional do Tr\u00e2nsito: cria\u00e7\u00e3o e influ\u00eancia na seguran\u00e7a das vias\",\"datePublished\":\"2022-10-11T12:30:00+00:00\",\"dateModified\":\"2024-02-15T17:05:20+00:00\",\"mainEntityOfPage\":{\"@id\":\"https:\/\/www.despachantedok.com.br\/blog\/veiculo\/dia-nacional-do-transito\/\"},\"wordCount\":2010,\"commentCount\":0,\"publisher\":{\"@id\":\"https:\/\/www.despachantedok.com.br\/blog\/#organization\"},\"image\":{\"@id\":\"https:\/\/www.despachantedok.com.br\/blog\/veiculo\/dia-nacional-do-transito\/#primaryimage\"},\"thumbnailUrl\":\"https:\/\/assets.despachantedok.com.br\/blog\/wp-content\/uploads\/2022\/10\/12_capa.png\",\"articleSection\":[\"Ve\u00edculos\"],\"inLanguage\":\"pt-BR\",\"potentialAction\":[{\"@type\":\"CommentAction\",\"name\":\"Comment\",\"target\":[\"https:\/\/www.despachantedok.com.br\/blog\/veiculo\/dia-nacional-do-transito\/#respond\"]}]},{\"@type\":\"WebPage\",\"@id\":\"https:\/\/www.despachantedok.com.br\/blog\/veiculo\/dia-nacional-do-transito\/\",\"url\":\"https:\/\/www.despachantedok.com.br\/blog\/veiculo\/dia-nacional-do-transito\/\",\"name\":\"Dia Nacional do Tr\u00e2nsito: hist\u00f3ria, atividades e outras a\u00e7\u00f5es | DOK\",\"isPartOf\":{\"@id\":\"https:\/\/www.despachantedok.com.br\/blog\/#website\"},\"primaryImageOfPage\":{\"@id\":\"https:\/\/www.despachantedok.com.br\/blog\/veiculo\/dia-nacional-do-transito\/#primaryimage\"},\"image\":{\"@id\":\"https:\/\/www.despachantedok.com.br\/blog\/veiculo\/dia-nacional-do-transito\/#primaryimage\"},\"thumbnailUrl\":\"https:\/\/assets.despachantedok.com.br\/blog\/wp-content\/uploads\/2022\/10\/12_capa.png\",\"datePublished\":\"2022-10-11T12:30:00+00:00\",\"dateModified\":\"2024-02-15T17:05:20+00:00\",\"description\":\"Voc\u00ea sabe o que \u00e9 o Dia Nacional do Tr\u00e2nsito e como surgiu? Descubra mais sobre a conscientiza\u00e7\u00e3o e o aumento da seguran\u00e7a nas vias!\",\"breadcrumb\":{\"@id\":\"https:\/\/www.despachantedok.com.br\/blog\/veiculo\/dia-nacional-do-transito\/#breadcrumb\"},\"inLanguage\":\"pt-BR\",\"potentialAction\":[{\"@type\":\"ReadAction\",\"target\":[\"https:\/\/www.despachantedok.com.br\/blog\/veiculo\/dia-nacional-do-transito\/\"]}]},{\"@type\":\"ImageObject\",\"inLanguage\":\"pt-BR\",\"@id\":\"https:\/\/www.despachantedok.com.br\/blog\/veiculo\/dia-nacional-do-transito\/#primaryimage\",\"url\":\"https:\/\/assets.despachantedok.com.br\/blog\/wp-content\/uploads\/2022\/10\/12_capa.png\",\"contentUrl\":\"https:\/\/assets.despachantedok.com.br\/blog\/wp-content\/uploads\/2022\/10\/12_capa.png\",\"width\":1111,\"height\":508,\"caption\":\"Capa do artigo sobre o Dia Nacional de Tr\u00e2nsito | DOK Despachante\"},{\"@type\":\"BreadcrumbList\",\"@id\":\"https:\/\/www.despachantedok.com.br\/blog\/veiculo\/dia-nacional-do-transito\/#breadcrumb\",\"itemListElement\":[{\"@type\":\"ListItem\",\"position\":1,\"name\":\"Blog\",\"item\":\"https:\/\/www.despachantedok.com.br\/blog\/\"},{\"@type\":\"ListItem\",\"position\":2,\"name\":\"Ve\u00edculos\",\"item\":\"https:\/\/www.despachantedok.com.br\/blog\/categoria\/veiculo\/\"},{\"@type\":\"ListItem\",\"position\":3,\"name\":\"Dia Nacional do Tr\u00e2nsito: cria\u00e7\u00e3o e influ\u00eancia na seguran\u00e7a das vias\"}]},{\"@type\":\"WebSite\",\"@id\":\"https:\/\/www.despachantedok.com.br\/blog\/#website\",\"url\":\"https:\/\/www.despachantedok.com.br\/blog\/\",\"name\":\"Acesse o Blog e conhe\u00e7a todos os nossos artigos | DOK Despachante\",\"description\":\"Fique por dentro de artigos sobre o tr\u00e2nsito brasileiro! Conhe\u00e7a informa\u00e7\u00f5es sobre licenciamento, ipva, multas e muito mais. Acesse agora o Blog do DOK!\",\"publisher\":{\"@id\":\"https:\/\/www.despachantedok.com.br\/blog\/#organization\"},\"alternateName\":\"Blog do DOK\",\"potentialAction\":[{\"@type\":\"SearchAction\",\"target\":{\"@type\":\"EntryPoint\",\"urlTemplate\":\"https:\/\/www.despachantedok.com.br\/blog\/?s={search_term_string}\"},\"query-input\":{\"@type\":\"PropertyValueSpecification\",\"valueRequired\":true,\"valueName\":\"search_term_string\"}}],\"inLanguage\":\"pt-BR\"},{\"@type\":\"Organization\",\"@id\":\"https:\/\/www.despachantedok.com.br\/blog\/#organization\",\"name\":\"DOK Despachante\",\"alternateName\":\"DOK\",\"url\":\"https:\/\/www.despachantedok.com.br\/blog\/\",\"logo\":{\"@type\":\"ImageObject\",\"inLanguage\":\"pt-BR\",\"@id\":\"https:\/\/www.despachantedok.com.br\/blog\/#\/schema\/logo\/image\/\",\"url\":\"https:\/\/assets.despachantedok.com.br\/blog\/wp-content\/uploads\/2024\/01\/logo-dok_novo_blog.svg\",\"contentUrl\":\"https:\/\/assets.despachantedok.com.br\/blog\/wp-content\/uploads\/2024\/01\/logo-dok_novo_blog.svg\",\"width\":284,\"height\":131,\"caption\":\"DOK Despachante\"},\"image\":{\"@id\":\"https:\/\/www.despachantedok.com.br\/blog\/#\/schema\/logo\/image\/\"},\"sameAs\":[\"https:\/\/facebook.com\/DOKDespachante\/\"],\"address\":{\"@type\":\"PostalAddress\",\"streetAddress\":\"Pra\u00e7a Frank Speers, 12\",\"addressLocality\":\"Sorocaba\",\"addressRegion\":\"SP\",\"postalCode\":\"18095-020\",\"addressCountry\":\"BR\"},\"email\":\"fale@despachantedok.com.br\",\"telephone\":\"551530422030\",\"legalName\":\"DOK Servi\u00e7os de Pagamentos Ltda.\",\"vatID\":\"27.838.743\/0001-91\"},{\"@type\":\"Person\",\"@id\":\"https:\/\/www.despachantedok.com.br\/blog\/#\/schema\/person\/5716ff88f65b0d34cfaf39e01bbcabe9\",\"name\":\"Redator DOK\",\"description\":\"O Redator \u00e9 a equipe de produ\u00e7\u00e3o do DOK, formada por redatores especialistas em marketing, jornalismo, letras e outras \u00e1reas. Nossos artigos s\u00e3o escritos com base em fontes oficiais, como o Detran, CTB, SENATRAN e Sefaz, para oferecer informa\u00e7\u00f5es relevantes e atualizadas aos motoristas de todo o Brasil. Em nossos artigos, tamb\u00e9m \u00e9 poss\u00edvel conhecer todos os servi\u00e7os disponibilizados pelo DOK Despachante, como consultas e pagamentos facilitados para licenciamento, IPVA, multas, entre outros.\u00a0\",\"sameAs\":[\"https:\/\/www.despachantedok.com.br\",\"https:\/\/www.facebook.com\/DOKDespachante\",\"https:\/\/www.instagram.com\/dokdespachante\/\",\"https:\/\/pt.linkedin.com\/company\/dok-despachante\",\"https:\/\/www.youtube.com\/channel\/UCkbHiCyqjaaxwiPKB4ysl4A\"],\"url\":\"https:\/\/www.despachantedok.com.br\/blog\/author\/dok\/\"}]}<\/script>\n<!-- \/ Yoast SEO Premium plugin. -->","yoast_head_json":{"title":"Dia Nacional do Tr\u00e2nsito: hist\u00f3ria, atividades e outras a\u00e7\u00f5es | DOK","description":"Voc\u00ea sabe o que \u00e9 o Dia Nacional do Tr\u00e2nsito e como surgiu? Descubra mais sobre a conscientiza\u00e7\u00e3o e o aumento da seguran\u00e7a nas vias!","robots":{"index":"index","follow":"follow","max-snippet":"max-snippet:-1","max-image-preview":"max-image-preview:large","max-video-preview":"max-video-preview:-1"},"canonical":"https:\/\/www.despachantedok.com.br\/blog\/veiculo\/dia-nacional-do-transito\/","og_locale":"pt_BR","og_type":"article","og_title":"Dia Nacional do Tr\u00e2nsito: cria\u00e7\u00e3o e influ\u00eancia na seguran\u00e7a das vias","og_description":"Voc\u00ea sabe o que \u00e9 o Dia Nacional do Tr\u00e2nsito e como surgiu? Descubra mais sobre a conscientiza\u00e7\u00e3o e o aumento da seguran\u00e7a nas vias!","og_url":"https:\/\/www.despachantedok.com.br\/blog\/veiculo\/dia-nacional-do-transito\/","og_site_name":"Acesse o Blog e conhe\u00e7a todos os nossos artigos | DOK Despachante","article_publisher":"https:\/\/facebook.com\/DOKDespachante\/","article_author":"https:\/\/www.facebook.com\/DOKDespachante","article_published_time":"2022-10-11T12:30:00+00:00","article_modified_time":"2024-02-15T17:05:20+00:00","og_image":[{"width":1111,"height":508,"url":"https:\/\/assets.despachantedok.com.br\/blog\/wp-content\/uploads\/2022\/10\/12_capa.png","type":"image\/png"}],"author":"Redator DOK","twitter_card":"summary_large_image","twitter_misc":{"Escrito por":"Redator DOK","Est. tempo de leitura":"8 minutos"},"schema":{"@context":"https:\/\/schema.org","@graph":[{"@type":"Article","@id":"https:\/\/www.despachantedok.com.br\/blog\/veiculo\/dia-nacional-do-transito\/#article","isPartOf":{"@id":"https:\/\/www.despachantedok.com.br\/blog\/veiculo\/dia-nacional-do-transito\/"},"author":{"name":"Redator DOK","@id":"https:\/\/www.despachantedok.com.br\/blog\/#\/schema\/person\/5716ff88f65b0d34cfaf39e01bbcabe9"},"headline":"Dia Nacional do Tr\u00e2nsito: cria\u00e7\u00e3o e influ\u00eancia na seguran\u00e7a das vias","datePublished":"2022-10-11T12:30:00+00:00","dateModified":"2024-02-15T17:05:20+00:00","mainEntityOfPage":{"@id":"https:\/\/www.despachantedok.com.br\/blog\/veiculo\/dia-nacional-do-transito\/"},"wordCount":2010,"commentCount":0,"publisher":{"@id":"https:\/\/www.despachantedok.com.br\/blog\/#organization"},"image":{"@id":"https:\/\/www.despachantedok.com.br\/blog\/veiculo\/dia-nacional-do-transito\/#primaryimage"},"thumbnailUrl":"https:\/\/assets.despachantedok.com.br\/blog\/wp-content\/uploads\/2022\/10\/12_capa.png","articleSection":["Ve\u00edculos"],"inLanguage":"pt-BR","potentialAction":[{"@type":"CommentAction","name":"Comment","target":["https:\/\/www.despachantedok.com.br\/blog\/veiculo\/dia-nacional-do-transito\/#respond"]}]},{"@type":"WebPage","@id":"https:\/\/www.despachantedok.com.br\/blog\/veiculo\/dia-nacional-do-transito\/","url":"https:\/\/www.despachantedok.com.br\/blog\/veiculo\/dia-nacional-do-transito\/","name":"Dia Nacional do Tr\u00e2nsito: hist\u00f3ria, atividades e outras a\u00e7\u00f5es | DOK","isPartOf":{"@id":"https:\/\/www.despachantedok.com.br\/blog\/#website"},"primaryImageOfPage":{"@id":"https:\/\/www.despachantedok.com.br\/blog\/veiculo\/dia-nacional-do-transito\/#primaryimage"},"image":{"@id":"https:\/\/www.despachantedok.com.br\/blog\/veiculo\/dia-nacional-do-transito\/#primaryimage"},"thumbnailUrl":"https:\/\/assets.despachantedok.com.br\/blog\/wp-content\/uploads\/2022\/10\/12_capa.png","datePublished":"2022-10-11T12:30:00+00:00","dateModified":"2024-02-15T17:05:20+00:00","description":"Voc\u00ea sabe o que \u00e9 o Dia Nacional do Tr\u00e2nsito e como surgiu? Descubra mais sobre a conscientiza\u00e7\u00e3o e o aumento da seguran\u00e7a nas vias!","breadcrumb":{"@id":"https:\/\/www.despachantedok.com.br\/blog\/veiculo\/dia-nacional-do-transito\/#breadcrumb"},"inLanguage":"pt-BR","potentialAction":[{"@type":"ReadAction","target":["https:\/\/www.despachantedok.com.br\/blog\/veiculo\/dia-nacional-do-transito\/"]}]},{"@type":"ImageObject","inLanguage":"pt-BR","@id":"https:\/\/www.despachantedok.com.br\/blog\/veiculo\/dia-nacional-do-transito\/#primaryimage","url":"https:\/\/assets.despachantedok.com.br\/blog\/wp-content\/uploads\/2022\/10\/12_capa.png","contentUrl":"https:\/\/assets.despachantedok.com.br\/blog\/wp-content\/uploads\/2022\/10\/12_capa.png","width":1111,"height":508,"caption":"Capa do artigo sobre o Dia Nacional de Tr\u00e2nsito | DOK Despachante"},{"@type":"BreadcrumbList","@id":"https:\/\/www.despachantedok.com.br\/blog\/veiculo\/dia-nacional-do-transito\/#breadcrumb","itemListElement":[{"@type":"ListItem","position":1,"name":"Blog","item":"https:\/\/www.despachantedok.com.br\/blog\/"},{"@type":"ListItem","position":2,"name":"Ve\u00edculos","item":"https:\/\/www.despachantedok.com.br\/blog\/categoria\/veiculo\/"},{"@type":"ListItem","position":3,"name":"Dia Nacional do Tr\u00e2nsito: cria\u00e7\u00e3o e influ\u00eancia na seguran\u00e7a das vias"}]},{"@type":"WebSite","@id":"https:\/\/www.despachantedok.com.br\/blog\/#website","url":"https:\/\/www.despachantedok.com.br\/blog\/","name":"Acesse o Blog e conhe\u00e7a todos os nossos artigos | DOK Despachante","description":"Fique por dentro de artigos sobre o tr\u00e2nsito brasileiro! Conhe\u00e7a informa\u00e7\u00f5es sobre licenciamento, ipva, multas e muito mais. Acesse agora o Blog do DOK!","publisher":{"@id":"https:\/\/www.despachantedok.com.br\/blog\/#organization"},"alternateName":"Blog do DOK","potentialAction":[{"@type":"SearchAction","target":{"@type":"EntryPoint","urlTemplate":"https:\/\/www.despachantedok.com.br\/blog\/?s={search_term_string}"},"query-input":{"@type":"PropertyValueSpecification","valueRequired":true,"valueName":"search_term_string"}}],"inLanguage":"pt-BR"},{"@type":"Organization","@id":"https:\/\/www.despachantedok.com.br\/blog\/#organization","name":"DOK Despachante","alternateName":"DOK","url":"https:\/\/www.despachantedok.com.br\/blog\/","logo":{"@type":"ImageObject","inLanguage":"pt-BR","@id":"https:\/\/www.despachantedok.com.br\/blog\/#\/schema\/logo\/image\/","url":"https:\/\/assets.despachantedok.com.br\/blog\/wp-content\/uploads\/2024\/01\/logo-dok_novo_blog.svg","contentUrl":"https:\/\/assets.despachantedok.com.br\/blog\/wp-content\/uploads\/2024\/01\/logo-dok_novo_blog.svg","width":284,"height":131,"caption":"DOK Despachante"},"image":{"@id":"https:\/\/www.despachantedok.com.br\/blog\/#\/schema\/logo\/image\/"},"sameAs":["https:\/\/facebook.com\/DOKDespachante\/"],"address":{"@type":"PostalAddress","streetAddress":"Pra\u00e7a Frank Speers, 12","addressLocality":"Sorocaba","addressRegion":"SP","postalCode":"18095-020","addressCountry":"BR"},"email":"fale@despachantedok.com.br","telephone":"551530422030","legalName":"DOK Servi\u00e7os de Pagamentos Ltda.","vatID":"27.838.743\/0001-91"},{"@type":"Person","@id":"https:\/\/www.despachantedok.com.br\/blog\/#\/schema\/person\/5716ff88f65b0d34cfaf39e01bbcabe9","name":"Redator DOK","description":"O Redator \u00e9 a equipe de produ\u00e7\u00e3o do DOK, formada por redatores especialistas em marketing, jornalismo, letras e outras \u00e1reas. Nossos artigos s\u00e3o escritos com base em fontes oficiais, como o Detran, CTB, SENATRAN e Sefaz, para oferecer informa\u00e7\u00f5es relevantes e atualizadas aos motoristas de todo o Brasil. Em nossos artigos, tamb\u00e9m \u00e9 poss\u00edvel conhecer todos os servi\u00e7os disponibilizados pelo DOK Despachante, como consultas e pagamentos facilitados para licenciamento, IPVA, multas, entre outros.\u00a0","sameAs":["https:\/\/www.despachantedok.com.br","https:\/\/www.facebook.com\/DOKDespachante","https:\/\/www.instagram.com\/dokdespachante\/","https:\/\/pt.linkedin.com\/company\/dok-despachante","https:\/\/www.youtube.com\/channel\/UCkbHiCyqjaaxwiPKB4ysl4A"],"url":"https:\/\/www.despachantedok.com.br\/blog\/author\/dok\/"}]}},"author_meta":{"display_name":"Redator DOK","author_link":"https:\/\/www.despachantedok.com.br\/blog\/author\/dok\/"},"featured_img":"https:\/\/assets.despachantedok.com.br\/blog\/wp-content\/uploads\/2022\/10\/12_capa-300x137.png","coauthors":[],"tax_additional":{"categories":{"linked":["<a href=\"https:\/\/www.despachantedok.com.br\/blog\/categoria\/veiculo\/\" class=\"advgb-post-tax-term\">Ve\u00edculos<\/a>"],"unlinked":["<span class=\"advgb-post-tax-term\">Ve\u00edculos<\/span>"]}},"comment_count":"0","relative_dates":{"created":"Publicado 4 anos atr\u00e1s","modified":"Atualizado 2 anos atr\u00e1s"},"absolute_dates":{"created":"Publicado em outubro 11, 2022","modified":"Atualizado em fevereiro 15, 2024"},"absolute_dates_time":{"created":"Publicado em outubro 11, 2022 9:30 am","modified":"Atualizado em fevereiro 15, 2024 2:05 pm"},"featured_img_caption":"","series_order":"","_links":{"self":[{"href":"https:\/\/www.despachantedok.com.br\/blog\/wp-json\/wp\/v2\/posts\/16351","targetHints":{"allow":["GET"]}}],"collection":[{"href":"https:\/\/www.despachantedok.com.br\/blog\/wp-json\/wp\/v2\/posts"}],"about":[{"href":"https:\/\/www.despachantedok.com.br\/blog\/wp-json\/wp\/v2\/types\/post"}],"author":[{"embeddable":true,"href":"https:\/\/www.despachantedok.com.br\/blog\/wp-json\/wp\/v2\/users\/4"}],"replies":[{"embeddable":true,"href":"https:\/\/www.despachantedok.com.br\/blog\/wp-json\/wp\/v2\/comments?post=16351"}],"version-history":[{"count":6,"href":"https:\/\/www.despachantedok.com.br\/blog\/wp-json\/wp\/v2\/posts\/16351\/revisions"}],"predecessor-version":[{"id":16609,"href":"https:\/\/www.despachantedok.com.br\/blog\/wp-json\/wp\/v2\/posts\/16351\/revisions\/16609"}],"wp:featuredmedia":[{"embeddable":true,"href":"https:\/\/www.despachantedok.com.br\/blog\/wp-json\/wp\/v2\/media\/16357"}],"wp:attachment":[{"href":"https:\/\/www.despachantedok.com.br\/blog\/wp-json\/wp\/v2\/media?parent=16351"}],"wp:term":[{"taxonomy":"category","embeddable":true,"href":"https:\/\/www.despachantedok.com.br\/blog\/wp-json\/wp\/v2\/categories?post=16351"},{"taxonomy":"post_tag","embeddable":true,"href":"https:\/\/www.despachantedok.com.br\/blog\/wp-json\/wp\/v2\/tags?post=16351"}],"curies":[{"name":"wp","href":"https:\/\/api.w.org\/{rel}","templated":true}]}}